{"id":53142,"date":"2018-06-03T12:28:42","date_gmt":"2018-06-03T15:28:42","guid":{"rendered":"http:\/\/caririemacao.com\/1\/?p=53142"},"modified":"2018-06-03T12:28:42","modified_gmt":"2018-06-03T15:28:42","slug":"ricardo-coutinho-critica-michel-temer-governo-que-nao-tem-legitimidade","status":"publish","type":"post","link":"https:\/\/www.caririemacao.com\/1\/2018\/06\/03\/ricardo-coutinho-critica-michel-temer-governo-que-nao-tem-legitimidade\/","title":{"rendered":"Ricardo Coutinho critica Michel Temer: &#8220;governo que n\u00e3o tem legitimidade&#8221;"},"content":{"rendered":"<p>O Governador Ricardo Coutinho (PSB) criticou o governo do presidente Michel Temer (MDB) pelo aumento dos pre\u00e7os dos combust\u00edveis.<\/p>\n<p>\u201cJ\u00e1 derrubaram a democracia em 2016. Se o governo n\u00e3o \u00e9 bom, o povo troca no voto, mas n\u00e3o pode ser pelo congresso sem haver um crime de responsabilidade e fizeram isso para que? Para mudar a agenda econ\u00f4mica do pa\u00eds, para que outras empresas de petr\u00f3leo possam vir explorar a o nosso petr\u00f3leo, nosso pr\u00e9-sal\u201d, disse.<\/p>\n<p>Segundo Ricardo, a mudan\u00e7a na pol\u00edtica de pre\u00e7os da Petrobras foi causada pela decis\u00e3o de permitir que empresas estrangeiras explorem o petr\u00f3leo brasileiro. \u201cO pre\u00e7o do g\u00e1s, da gasolina \u00e9 produto da pol\u00edtica, n\u00e3o da natureza ou do humor de ningu\u00e9m\u201d, explicou.<\/p>\n<p>\u201cTudo depende de uma l\u00f3gica e no Brasil de hoje, com um governo que n\u00e3o tem legitimidade, mas a gente n\u00e3o pode ficar derrubando governo ap\u00f3s governo. Esse pa\u00eds n\u00e3o pode ficar pior do que j\u00e1 est\u00e1\u201d, declarou.<\/p>\n<p><strong>CARIRI EM A\u00c7\u00c3O<\/strong><\/p>\n<p>Com Clik PB Foto: Reprodu\u00e7\u00e3o Internet<\/p>\n<p>Leia mais not\u00edcias em\u00a0<a href=\"http:\/\/www.caririemacao.com\/\">caririemacao.com<\/a>, siga nossa p\u00e1gina no\u00a0<a href=\"https:\/\/www.facebook.com\/CaririEmAcao\/?ref=aymt_homepage_panel\">Facebook<\/a>,\u00a0<a href=\"https:\/\/www.instagram.com\/cariri_em_acao\/?hl=pt-br\">Instagram<\/a>\u00a0e\u00a0<a href=\"https:\/\/www.youtube.com\/channel\/UCAptA0jQuYQy8vMhLt2m4qg\">Youtube<\/a>\u00a0e veja nossas mat\u00e9rias, v\u00eddeos e fotos. Voc\u00ea tamb\u00e9m pode enviar informa\u00e7\u00f5es \u00e0 Reda\u00e7\u00e3o do Portal Cariri em A\u00e7\u00e3o pelo WhatsApp (83) 9 9634.5791, (83) 9 9601-1162.<\/p>\n","protected":false},"excerpt":{"rendered":"<p>O Governador Ricardo Coutinho (PSB) criticou o governo do presidente Michel Temer (MDB) pelo aumento dos pre\u00e7os dos combust\u00edveis. \u201cJ\u00e1 derrubaram a democracia em 2016.&hellip; <\/p>\n","protected":false},"author":2,"featured_media":53143,"comment_status":"closed","ping_status":"closed","sticky":false,"template":"","format":"standard","meta":{"sfsi_plus_gutenberg_text_before_share":"","sfsi_plus_gutenberg_show_text_before_share":"","sfsi_plus_gutenberg_icon_type":"","sfsi_plus_gutenberg_icon_alignemt":"","sfsi_plus_gutenburg_max_per_row":"","footnotes":""},"categories":[11],"tags":[],"class_list":["post-53142","post","type-post","status-publish","format-standard","has-post-thumbnail","hentry","category-politica"],"_links":{"self":[{"href":"https:\/\/www.caririemacao.com\/1\/wp-json\/wp\/v2\/posts\/53142","targetHints":{"allow":["GET"]}}],"collection":[{"href":"https:\/\/www.caririemacao.com\/1\/wp-json\/wp\/v2\/posts"}],"about":[{"href":"https:\/\/www.caririemacao.com\/1\/wp-json\/wp\/v2\/types\/post"}],"author":[{"embeddable":true,"href":"https:\/\/www.caririemacao.com\/1\/wp-json\/wp\/v2\/users\/2"}],"replies":[{"embeddable":true,"href":"https:\/\/www.caririemacao.com\/1\/wp-json\/wp\/v2\/comments?post=53142"}],"version-history":[{"count":0,"href":"https:\/\/www.caririemacao.com\/1\/wp-json\/wp\/v2\/posts\/53142\/revisions"}],"wp:featuredmedia":[{"embeddable":true,"href":"https:\/\/www.caririemacao.com\/1\/wp-json\/wp\/v2\/media\/53143"}],"wp:attachment":[{"href":"https:\/\/www.caririemacao.com\/1\/wp-json\/wp\/v2\/media?parent=53142"}],"wp:term":[{"taxonomy":"category","embeddable":true,"href":"https:\/\/www.caririemacao.com\/1\/wp-json\/wp\/v2\/categories?post=53142"},{"taxonomy":"post_tag","embeddable":true,"href":"https:\/\/www.caririemacao.com\/1\/wp-json\/wp\/v2\/tags?post=53142"}],"curies":[{"name":"wp","href":"https:\/\/api.w.org\/{rel}","templated":true}]}}