{"id":53151,"date":"2018-06-04T07:15:17","date_gmt":"2018-06-04T10:15:17","guid":{"rendered":"http:\/\/caririemacao.com\/1\/?p=53151"},"modified":"2018-06-04T07:15:17","modified_gmt":"2018-06-04T10:15:17","slug":"governo-federal-estuda-diminuicao-do-preco-final-da-gasolina","status":"publish","type":"post","link":"https:\/\/www.caririemacao.com\/1\/2018\/06\/04\/governo-federal-estuda-diminuicao-do-preco-final-da-gasolina\/","title":{"rendered":"Governo Federal estuda diminui\u00e7\u00e3o do pre\u00e7o final da gasolina"},"content":{"rendered":"<p>O Minist\u00e9rio de Minas e Energia (MME) estuda a cria\u00e7\u00e3o de uma pol\u00edtica de amortecimento de pre\u00e7os dos combust\u00edveis que chegue ao bolso do consumidor. Nesta\u00a0segunda-feira (4), t\u00e9cnicos do MME e do Minist\u00e9rio da Fazenda, que integram o grupo de trabalho criado para discutir o assunto, t\u00eam reuni\u00e3o marcada. Est\u00e3o inclu\u00eddos na discuss\u00e3o\u00a0os combust\u00edveis derivados do petr\u00f3leo, como a gasolina.<\/p>\n<p>O acordo firmado com os caminhoneiros para o fim do movimento de paralisa\u00e7\u00e3o define a redu\u00e7\u00e3o de R$ 0,46 no pre\u00e7o do diesel nas bombas. Agora, a inten\u00e7\u00e3o \u00e9 incluir na discuss\u00e3o tamb\u00e9m os demais combust\u00edveis, criando um mecanismo que proteja o consumidor final da volatilidade dos pre\u00e7os.<\/p>\n<p>Segundo o MME, o grupo de trabalho vai convidar especialistas no assunto para ajudar a construir uma solu\u00e7\u00e3o que permita, por um lado, a continuidade da pr\u00e1tica de pre\u00e7os livres ao produtor e importador e, por outro, o amortecimento dos pre\u00e7os ao consumidor. A primeira reuni\u00e3o do grupo ocorreu na \u00faltima sexta-feira (1\u00ba), com participa\u00e7\u00e3o de\u00a0t\u00e9cnicos da Ag\u00eancia Nacional do Petr\u00f3leo (ANP).<\/p>\n<p>[Essa pol\u00edtica de prote\u00e7\u00e3o] ter\u00e1 que preservar a atual pr\u00e1tica de pre\u00e7os de mercado para o produtor e importador, o que \u00e9 tido pela atual administra\u00e7\u00e3o como um ponto fundamental para a atra\u00e7\u00e3o de investimentos para o setor. Vai trazer previsibilidade e seguran\u00e7a ao consumidor e ao investidor\u201d, diz a pasta em nota.<\/p>\n<p><strong>Pol\u00edtica de pre\u00e7os<\/strong><\/p>\n<p>Desde 2016, a Petrobras segue uma pol\u00edtica de varia\u00e7\u00e3o do pre\u00e7o dos combust\u00edveis que acompanha a valoriza\u00e7\u00e3o do d\u00f3lar e o encarecimento do petr\u00f3leo no mercado internacional. Na nota, o MME diz que a pol\u00edtica de liberdade de pre\u00e7os da Petrobras, assim como das demais empresas de petr\u00f3leo que atuam no pa\u00eds, \u201c\u00e9 uma pol\u00edtica de governo\u201d. \u201cA Petrobra s teve e tem total autonomia para definir sua pr\u00f3pria pol\u00edtica de pre\u00e7os\u201d, destaca o texto.<\/p>\n<p>Com os reajustes, no in\u00edcio\u00a0de maio, a Petrobras anunciou um crescimento do lucro l\u00edquido de 56,5% no primeiro trimestre deste ano, em rela\u00e7\u00e3o a igual per\u00edodo do ano passado, atingindo R$ 6,96 bilh\u00f5es. O crescimento expressivo surge depois de quatro anos seguidos de preju\u00edzos e de um processo de reestrutura\u00e7\u00e3o e de redu\u00e7\u00e3o do endividamento da companhia, que teve in\u00edcio ap\u00f3s as den\u00fancias da Opera\u00e7\u00e3o Lavo Jato. Este foi, segundo a estatal, o melhor resultado trimestral desde o in\u00edcio de 2013, quando a empresa havia lucrado R$ 7,69 bilh\u00f5es, e tamb\u00e9m terminou o trimestre com resultados positivos em sua m\u00e9trica de seguran\u00e7a.<\/p>\n<p><strong>Flutua\u00e7\u00f5es<\/strong><\/p>\n<p>As flutua\u00e7\u00f5es, no entanto, impactam o consumidor. Neste s\u00e1bado (2), a Petrobras aumentou em 2,25% o pre\u00e7o da gasolina em suas refinarias. Com isso, o litro do combust\u00edvel ficou 4 centavos mais caro, ao passar de R$ 1,9671 para R$ 2,0113, de acordo com a estatal.<\/p>\n<p>Em um m\u00eas, o combust\u00edvel acumula alta de pre\u00e7o de 11,29%, ou seja, de 20 centavos por litro, j\u00e1 que, em 1\u00ba de maio, o combust\u00edvel era negociado nas refinarias a R$ 1,8072. O pre\u00e7o do diesel, que recuou 30 centavos desde o dia\u00a023 de maio, no \u00e1pice da greve dos caminhoneiros, ser\u00e1 mantido em R$ 2,0316 por 60 dias. O Departamento Intersindical de Estat\u00edstica e Estudos Econ\u00f4micos (Dieese) diz, em nota t\u00e9cnica, que a pol\u00edtica de pre\u00e7os resultou, entre o final\u00a0de abril\u00a0e maio, em 16 reajustes do pre\u00e7o da gasolina e do diesel nas refinarias. Para o consumidor final, os pre\u00e7os m\u00e9dios nas bombas de combust\u00edveis subiram,\u00a0considerando os impostos federais e estaduais,\u00a0de R$ 3,40 para R$ 5, no caso do litro de gasolina (crescimento de 47%), e de R$ 2,89 para R$ 4,00, para o litro do \u00f3leo diesel (alta de 38,4%).<\/p>\n<p><strong>CARIRI EM A\u00c7\u00c3O<\/strong><\/p>\n<p>Com Ag\u00eancia Brasil\/Foto: Reprodu\u00e7\u00e3o Internet<\/p>\n<p>Leia mais not\u00edcias em\u00a0<a href=\"http:\/\/www.caririemacao.com\/\">caririemacao.com<\/a>, siga nossa p\u00e1gina no\u00a0<a href=\"https:\/\/www.facebook.com\/CaririEmAcao\/?ref=aymt_homepage_panel\">Facebook<\/a>,\u00a0<a href=\"https:\/\/www.instagram.com\/cariri_em_acao\/?hl=pt-br\">Instagram<\/a>\u00a0e <a href=\"https:\/\/www.youtube.com\/channel\/UCAptA0jQuYQy8vMhLt2m4qg\">Youtube<\/a>\u00a0e veja nossas mat\u00e9rias, v\u00eddeos e fotos. Voc\u00ea tamb\u00e9m pode enviar informa\u00e7\u00f5es \u00e0 Reda\u00e7\u00e3o do Portal Cariri em A\u00e7\u00e3o pelo WhatsApp (83) 9 9634.5791, (83) 9 9601-1162.<\/p>\n","protected":false},"excerpt":{"rendered":"<p>O Minist\u00e9rio de Minas e Energia (MME) estuda a cria\u00e7\u00e3o de uma pol\u00edtica de amortecimento de pre\u00e7os dos combust\u00edveis que chegue ao bolso do consumidor.&hellip; <\/p>\n","protected":false},"author":2,"featured_media":24424,"comment_status":"closed","ping_status":"closed","sticky":false,"template":"","format":"standard","meta":{"sfsi_plus_gutenberg_text_before_share":"","sfsi_plus_gutenberg_show_text_before_share":"","sfsi_plus_gutenberg_icon_type":"","sfsi_plus_gutenberg_icon_alignemt":"","sfsi_plus_gutenburg_max_per_row":"","footnotes":""},"categories":[2],"tags":[],"class_list":["post-53151","post","type-post","status-publish","format-standard","has-post-thumbnail","hentry","category-geral"],"_links":{"self":[{"href":"https:\/\/www.caririemacao.com\/1\/wp-json\/wp\/v2\/posts\/53151","targetHints":{"allow":["GET"]}}],"collection":[{"href":"https:\/\/www.caririemacao.com\/1\/wp-json\/wp\/v2\/posts"}],"about":[{"href":"https:\/\/www.caririemacao.com\/1\/wp-json\/wp\/v2\/types\/post"}],"author":[{"embeddable":true,"href":"https:\/\/www.caririemacao.com\/1\/wp-json\/wp\/v2\/users\/2"}],"replies":[{"embeddable":true,"href":"https:\/\/www.caririemacao.com\/1\/wp-json\/wp\/v2\/comments?post=53151"}],"version-history":[{"count":0,"href":"https:\/\/www.caririemacao.com\/1\/wp-json\/wp\/v2\/posts\/53151\/revisions"}],"wp:featuredmedia":[{"embeddable":true,"href":"https:\/\/www.caririemacao.com\/1\/wp-json\/wp\/v2\/media\/24424"}],"wp:attachment":[{"href":"https:\/\/www.caririemacao.com\/1\/wp-json\/wp\/v2\/media?parent=53151"}],"wp:term":[{"taxonomy":"category","embeddable":true,"href":"https:\/\/www.caririemacao.com\/1\/wp-json\/wp\/v2\/categories?post=53151"},{"taxonomy":"post_tag","embeddable":true,"href":"https:\/\/www.caririemacao.com\/1\/wp-json\/wp\/v2\/tags?post=53151"}],"curies":[{"name":"wp","href":"https:\/\/api.w.org\/{rel}","templated":true}]}}