{"id":53153,"date":"2018-06-04T07:20:16","date_gmt":"2018-06-04T10:20:16","guid":{"rendered":"http:\/\/caririemacao.com\/1\/?p=53153"},"modified":"2018-06-04T07:20:16","modified_gmt":"2018-06-04T10:20:16","slug":"protesto-caminhoneiros-se-concentram-em-estadio-em-brasilia","status":"publish","type":"post","link":"https:\/\/www.caririemacao.com\/1\/2018\/06\/04\/protesto-caminhoneiros-se-concentram-em-estadio-em-brasilia\/","title":{"rendered":"Protesto, caminhoneiros se concentram em est\u00e1dio em Bras\u00edlia"},"content":{"rendered":"<p>Caminhoneiros e apoiadores se concentram, ao lado de 15 caminh\u00f5es, no estacionamento do est\u00e1dio Man\u00e9 Garrincha, em Bras\u00edlia. Segundo presentes, eles est\u00e3o aguardando protesto que vem sendo convocado nas redes sociais para amanh\u00e3 na capital federal e outras cidades pelo pa\u00eds.<\/p>\n<p>No local, as informa\u00e7\u00f5es ainda s\u00e3o desencontradas. Muitas faixas foram penduradas, entre elas uma com os dizeres \u201cInterven\u00e7\u00e3o Militar, Buzine\u201d. V\u00e1rias buzinas foram ouvidas pela reportagem.<\/p>\n<p>Al\u00e9m de caminhoneiros, uma dezena de apoiadores, brasilienses e de fora, acompanha. Um deles \u00e9 o funcion\u00e1rio da constru\u00e7\u00e3o civil, \u00c2ngelo Silva, que veio de Balne\u00e1rio Cambori\u00fa (SC) e participou de paralisa\u00e7\u00f5es nas estradas acompanhando caminhoneiros. \u201cVamos fazer uma carreata amanh\u00e3\u201d, disse. \u201cEst\u00e3o chegando mais caminh\u00f5es, h\u00e1 muita mobiliza\u00e7\u00e3o nas redes sociais.\u201d<\/p>\n<p>Um casal vestindo camisetas do Brasil chegou ao local por volta das 12h, mas, frustrado com a pequena quantidade de presentes, foi embora. Antes, deixaram o telefone com um dos participantes para receber informa\u00e7\u00f5es pelo WhatsApp.<\/p>\n<p>Mais cedo, o ministro-chefe do Gabinete de Seguran\u00e7a Institucional, S\u00e9rgio Etchegoyen, afirmou que o\u00a0<strong>governo acompanha \u201csem al<\/strong><strong>a<\/strong><strong>rme\u201d as not\u00edcias que circulam nas m\u00eddias sociais<\/strong>\u00a0de que os caminhoneiros poder\u00e3o fazer protestos amanh\u00e3.<\/p>\n<p>\u201cEstamos acompanhando e verificando o tamanho e consequ\u00eancias dessa eventual mobiliza\u00e7\u00e3o convocada para amanh\u00e3, mas sem nos preocuparmos no ponto do alarme. Todas as not\u00edcias s\u00e3o acompanhadas\u201d, disse.<\/p>\n<p>Questionado se o governo acredita que vai haver mobiliza\u00e7\u00e3o, o general disse que a avalia\u00e7\u00e3o \u00e9 de que h\u00e1 um \u201cquadro de normalidade que n\u00e3o tende a ser modificado\u201d. Etchegoyen disse ainda que o governo n\u00e3o est\u00e1 preocupado com a origem das not\u00edcias sobre a mobiliza\u00e7\u00e3o, mas sim se ela vai acontecer, e que n\u00e3o lida com \u201cboatos e imprecis\u00f5es\u201d.<\/p>\n<p>\u201cA internet \u00e9 um espa\u00e7o livre em que todos podem entrar, desde modestas dona de casa e trabalhadores. A verdade \u00e9 que h\u00e1 um movimento na m\u00eddia e um acompanhamento nosso, n\u00e3o temos nenhum ind\u00edcio de que isso mude a preocupa\u00e7\u00e3o do governo\u201d, ressaltou.<\/p>\n<p><strong>CARIRI EM A\u00c7\u00c3O<\/strong><\/p>\n<p>Com\u00a0Folha de S\u00e3o Paulo\/Foto: Reprodu\u00e7\u00e3o Internet<\/p>\n<p>Leia mais not\u00edcias em\u00a0<a href=\"http:\/\/www.caririemacao.com\/\">caririemacao.com<\/a>, siga nossa p\u00e1gina no\u00a0<a href=\"https:\/\/www.facebook.com\/CaririEmAcao\/?ref=aymt_homepage_panel\">Facebook<\/a>,\u00a0<a href=\"https:\/\/www.instagram.com\/cariri_em_acao\/?hl=pt-br\">Instagram<\/a>\u00a0e <a href=\"https:\/\/www.youtube.com\/channel\/UCAptA0jQuYQy8vMhLt2m4qg\">Youtube<\/a>\u00a0e veja nossas mat\u00e9rias, v\u00eddeos e fotos. Voc\u00ea tamb\u00e9m pode enviar informa\u00e7\u00f5es \u00e0 Reda\u00e7\u00e3o do Portal Cariri em A\u00e7\u00e3o pelo WhatsApp (83) 9 9634.5791, (83) 9 9601-1162.<\/p>\n","protected":false},"excerpt":{"rendered":"<p>Caminhoneiros e apoiadores se concentram, ao lado de 15 caminh\u00f5es, no estacionamento do est\u00e1dio Man\u00e9 Garrincha, em Bras\u00edlia. Segundo presentes, eles est\u00e3o aguardando protesto que&hellip; <\/p>\n","protected":false},"author":2,"featured_media":53154,"comment_status":"closed","ping_status":"closed","sticky":false,"template":"","format":"standard","meta":{"sfsi_plus_gutenberg_text_before_share":"","sfsi_plus_gutenberg_show_text_before_share":"","sfsi_plus_gutenberg_icon_type":"","sfsi_plus_gutenberg_icon_alignemt":"","sfsi_plus_gutenburg_max_per_row":"","footnotes":""},"categories":[2],"tags":[],"class_list":["post-53153","post","type-post","status-publish","format-standard","has-post-thumbnail","hentry","category-geral"],"_links":{"self":[{"href":"https:\/\/www.caririemacao.com\/1\/wp-json\/wp\/v2\/posts\/53153","targetHints":{"allow":["GET"]}}],"collection":[{"href":"https:\/\/www.caririemacao.com\/1\/wp-json\/wp\/v2\/posts"}],"about":[{"href":"https:\/\/www.caririemacao.com\/1\/wp-json\/wp\/v2\/types\/post"}],"author":[{"embeddable":true,"href":"https:\/\/www.caririemacao.com\/1\/wp-json\/wp\/v2\/users\/2"}],"replies":[{"embeddable":true,"href":"https:\/\/www.caririemacao.com\/1\/wp-json\/wp\/v2\/comments?post=53153"}],"version-history":[{"count":0,"href":"https:\/\/www.caririemacao.com\/1\/wp-json\/wp\/v2\/posts\/53153\/revisions"}],"wp:featuredmedia":[{"embeddable":true,"href":"https:\/\/www.caririemacao.com\/1\/wp-json\/wp\/v2\/media\/53154"}],"wp:attachment":[{"href":"https:\/\/www.caririemacao.com\/1\/wp-json\/wp\/v2\/media?parent=53153"}],"wp:term":[{"taxonomy":"category","embeddable":true,"href":"https:\/\/www.caririemacao.com\/1\/wp-json\/wp\/v2\/categories?post=53153"},{"taxonomy":"post_tag","embeddable":true,"href":"https:\/\/www.caririemacao.com\/1\/wp-json\/wp\/v2\/tags?post=53153"}],"curies":[{"name":"wp","href":"https:\/\/api.w.org\/{rel}","templated":true}]}}