{"id":53156,"date":"2018-06-04T07:22:35","date_gmt":"2018-06-04T10:22:35","guid":{"rendered":"http:\/\/caririemacao.com\/1\/?p=53156"},"modified":"2018-06-04T07:22:35","modified_gmt":"2018-06-04T10:22:35","slug":"socialistas-flertam-com-apoio-do-psc-a-candidatura-de-azevedo","status":"publish","type":"post","link":"https:\/\/www.caririemacao.com\/1\/2018\/06\/04\/socialistas-flertam-com-apoio-do-psc-a-candidatura-de-azevedo\/","title":{"rendered":"Socialistas flertam com apoio do PSC \u00e0 candidatura de Azev\u00eado"},"content":{"rendered":"<p>Na busca de outro nome para ocupar a segunda vaga ao Senado Federal na chapa encabe\u00e7ada pelo ex-secret\u00e1rio Jo\u00e3o Azevedo (PSB), socialistas est\u00e3o flertando com outro partido da oposi\u00e7\u00e3o: o PSC do vice-prefeito da Jo\u00e3o Pessoa, Manoel J\u00fanior.<\/p>\n<p>O presidente estadual da legenda, Edvaldo Rosas, informou que vai tentar di\u00e1logo com os socialistas crist\u00e3os para formalizar uma alian\u00e7a. Atualmente o PSC faz parte da oposi\u00e7\u00e3o ao Governo do Estado.<\/p>\n<p>\u201cN\u00f3s vamos tentar conversar com o PSC e com o PR. Eles priorizam tamb\u00e9m o debate para elei\u00e7\u00f5es proporcionais\u201d, enfatizou.<\/p>\n<p>Rosas garantiu que segue nas tratativas de convencer o Progressistas a fechar apoio \u00e0 candidatura de Azev\u00eado. Segundo ele, as conversas est\u00e3o tendo resultados \u201cbons\u201d.<\/p>\n<p><strong>CARIRI EM A\u00c7\u00c3O<\/strong><\/p>\n<p>Com\u00a0MaisPB\/Foto: Reprodu\u00e7\u00e3o Internet<\/p>\n<p>Leia mais not\u00edcias em\u00a0<a href=\"http:\/\/www.caririemacao.com\/\">caririemacao.com<\/a>, siga nossa p\u00e1gina no\u00a0<a href=\"https:\/\/www.facebook.com\/CaririEmAcao\/?ref=aymt_homepage_panel\">Facebook<\/a>,\u00a0<a href=\"https:\/\/www.instagram.com\/cariri_em_acao\/?hl=pt-br\">Instagram<\/a>\u00a0e <a href=\"https:\/\/www.youtube.com\/channel\/UCAptA0jQuYQy8vMhLt2m4qg\">Youtube<\/a>\u00a0e veja nossas mat\u00e9rias, v\u00eddeos e fotos. Voc\u00ea tamb\u00e9m pode enviar informa\u00e7\u00f5es \u00e0 Reda\u00e7\u00e3o do Portal Cariri em A\u00e7\u00e3o pelo WhatsApp (83) 9 9634.5791, (83) 9 9601-1162.<\/p>\n","protected":false},"excerpt":{"rendered":"<p>Na busca de outro nome para ocupar a segunda vaga ao Senado Federal na chapa encabe\u00e7ada pelo ex-secret\u00e1rio Jo\u00e3o Azevedo (PSB), socialistas est\u00e3o flertando com&hellip; <\/p>\n","protected":false},"author":2,"featured_media":31326,"comment_status":"closed","ping_status":"closed","sticky":false,"template":"","format":"standard","meta":{"sfsi_plus_gutenberg_text_before_share":"","sfsi_plus_gutenberg_show_text_before_share":"","sfsi_plus_gutenberg_icon_type":"","sfsi_plus_gutenberg_icon_alignemt":"","sfsi_plus_gutenburg_max_per_row":"","footnotes":""},"categories":[1],"tags":[],"class_list":["post-53156","post","type-post","status-publish","format-standard","has-post-thumbnail","hentry","category-o-site"],"_links":{"self":[{"href":"https:\/\/www.caririemacao.com\/1\/wp-json\/wp\/v2\/posts\/53156","targetHints":{"allow":["GET"]}}],"collection":[{"href":"https:\/\/www.caririemacao.com\/1\/wp-json\/wp\/v2\/posts"}],"about":[{"href":"https:\/\/www.caririemacao.com\/1\/wp-json\/wp\/v2\/types\/post"}],"author":[{"embeddable":true,"href":"https:\/\/www.caririemacao.com\/1\/wp-json\/wp\/v2\/users\/2"}],"replies":[{"embeddable":true,"href":"https:\/\/www.caririemacao.com\/1\/wp-json\/wp\/v2\/comments?post=53156"}],"version-history":[{"count":0,"href":"https:\/\/www.caririemacao.com\/1\/wp-json\/wp\/v2\/posts\/53156\/revisions"}],"wp:featuredmedia":[{"embeddable":true,"href":"https:\/\/www.caririemacao.com\/1\/wp-json\/wp\/v2\/media\/31326"}],"wp:attachment":[{"href":"https:\/\/www.caririemacao.com\/1\/wp-json\/wp\/v2\/media?parent=53156"}],"wp:term":[{"taxonomy":"category","embeddable":true,"href":"https:\/\/www.caririemacao.com\/1\/wp-json\/wp\/v2\/categories?post=53156"},{"taxonomy":"post_tag","embeddable":true,"href":"https:\/\/www.caririemacao.com\/1\/wp-json\/wp\/v2\/tags?post=53156"}],"curies":[{"name":"wp","href":"https:\/\/api.w.org\/{rel}","templated":true}]}}