{"id":53158,"date":"2018-06-04T07:25:49","date_gmt":"2018-06-04T10:25:49","guid":{"rendered":"http:\/\/caririemacao.com\/1\/?p=53158"},"modified":"2018-06-04T07:25:49","modified_gmt":"2018-06-04T10:25:49","slug":"fies-inscreve-estudantes-para-vagas-remanescentes","status":"publish","type":"post","link":"https:\/\/www.caririemacao.com\/1\/2018\/06\/04\/fies-inscreve-estudantes-para-vagas-remanescentes\/","title":{"rendered":"Fies inscreve estudantes para vagas remanescentes"},"content":{"rendered":"<p>Os estudantes que querem concorrer a uma vaga no Fundo de Financiamento Estudantil (Fies) devem ficar atentos aos prazos. As inscri\u00e7\u00f5es para as vagas que n\u00e3o foram preenchidas no processo regular est\u00e3o abertas desde o dia 28 de maio. Os prazos variam de acordo com o perfil dos candidatos.<\/p>\n<p>Para concorrer, \u00e9 necess\u00e1rio ter 450 pontos de m\u00e9dia e nota acima de zero na reda\u00e7\u00e3o em qualquer edi\u00e7\u00e3o, desde 2010, do Exame Nacional do Ensino M\u00e9dio (Enem). Al\u00e9m disso, a renda familiar mensal bruta\u00a0<em>per capita<\/em>\u00a0n\u00e3o pode ultrapassar tr\u00eas sal\u00e1rios m\u00ednimos, ou seja, R$ 2.862.<\/p>\n<p>As inscri\u00e7\u00f5es s\u00e3o feitas pela internet, no endere\u00e7o\u00a0<a href=\"http:\/\/fiesselecao.mec.gov.br\/\" target=\"_blank\" rel=\"noopener\">http:\/\/fiesselecao.mec.gov.br<\/a>.<\/p>\n<p>O Fies concede financiamento a estudantes em cursos superiores n\u00e3o gratuitos, com avalia\u00e7\u00e3o positiva nos processos conduzidos pelo Minist\u00e9rio da Educa\u00e7\u00e3o. Segundo o Minist\u00e9rio da Educa\u00e7\u00e3o (MEC), o n\u00famero de vagas totais para este ano poder\u00e1 chegar a 310 mil. Dessas, 100 mil ter\u00e3o juro zero para os estudantes que comprovarem renda\u00a0<em>per capita<\/em>\u00a0mensal familiar de at\u00e9 tr\u00eas sal\u00e1rios m\u00ednimos.<\/p>\n<p><strong>Prazos vigentes\u00a0<\/strong><\/p>\n<p>Termina hoje (4) o prazo de inscri\u00e7\u00e3o daqueles que conclu\u00edram ou n\u00e3o o ensino superior e querem concorrer a vaga em institui\u00e7\u00e3o de ensino em que n\u00e3o est\u00e3o matriculados. O prazo vale tanto para aqueles que ainda n\u00e3o foram beneficiados pelo financiamento estudantil, quanto para os que foram e j\u00e1 o quitaram.<\/p>\n<p>Est\u00e3o abertas as inscri\u00e7\u00f5es, at\u00e9 o dia 26 de junho, para aqueles que conclu\u00edram ou n\u00e3o o ensino superior, foram beneficiados ou n\u00e3o pelo financiamento estudantil e o quitaram e querem concorrer a vaga em institui\u00e7\u00e3o de ensino em que j\u00e1 est\u00e3o matriculados.<\/p>\n<p><strong>CARIRI EM A\u00c7\u00c3O<\/strong><\/p>\n<p>Com\u00a0Ag\u00eancia Brasil \/Foto: Reprodu\u00e7\u00e3o Internet<\/p>\n<p>Leia mais not\u00edcias em\u00a0<a href=\"http:\/\/www.caririemacao.com\/\">caririemacao.com<\/a>, siga nossa p\u00e1gina no\u00a0<a href=\"https:\/\/www.facebook.com\/CaririEmAcao\/?ref=aymt_homepage_panel\">Facebook<\/a>,\u00a0<a href=\"https:\/\/www.instagram.com\/cariri_em_acao\/?hl=pt-br\">Instagram<\/a>\u00a0e <a href=\"https:\/\/www.youtube.com\/channel\/UCAptA0jQuYQy8vMhLt2m4qg\">Youtube<\/a>\u00a0e veja nossas mat\u00e9rias, v\u00eddeos e fotos. Voc\u00ea tamb\u00e9m pode enviar informa\u00e7\u00f5es \u00e0 Reda\u00e7\u00e3o do Portal Cariri em A\u00e7\u00e3o pelo WhatsApp (83) 9 9634.5791, (83) 9 9601-1162.<\/p>\n","protected":false},"excerpt":{"rendered":"<p>Os estudantes que querem concorrer a uma vaga no Fundo de Financiamento Estudantil (Fies) devem ficar atentos aos prazos. As inscri\u00e7\u00f5es para as vagas que&hellip; <\/p>\n","protected":false},"author":2,"featured_media":42382,"comment_status":"closed","ping_status":"closed","sticky":false,"template":"","format":"standard","meta":{"sfsi_plus_gutenberg_text_before_share":"","sfsi_plus_gutenberg_show_text_before_share":"","sfsi_plus_gutenberg_icon_type":"","sfsi_plus_gutenberg_icon_alignemt":"","sfsi_plus_gutenburg_max_per_row":"","footnotes":""},"categories":[14],"tags":[],"class_list":["post-53158","post","type-post","status-publish","format-standard","has-post-thumbnail","hentry","category-educacao"],"_links":{"self":[{"href":"https:\/\/www.caririemacao.com\/1\/wp-json\/wp\/v2\/posts\/53158","targetHints":{"allow":["GET"]}}],"collection":[{"href":"https:\/\/www.caririemacao.com\/1\/wp-json\/wp\/v2\/posts"}],"about":[{"href":"https:\/\/www.caririemacao.com\/1\/wp-json\/wp\/v2\/types\/post"}],"author":[{"embeddable":true,"href":"https:\/\/www.caririemacao.com\/1\/wp-json\/wp\/v2\/users\/2"}],"replies":[{"embeddable":true,"href":"https:\/\/www.caririemacao.com\/1\/wp-json\/wp\/v2\/comments?post=53158"}],"version-history":[{"count":0,"href":"https:\/\/www.caririemacao.com\/1\/wp-json\/wp\/v2\/posts\/53158\/revisions"}],"wp:featuredmedia":[{"embeddable":true,"href":"https:\/\/www.caririemacao.com\/1\/wp-json\/wp\/v2\/media\/42382"}],"wp:attachment":[{"href":"https:\/\/www.caririemacao.com\/1\/wp-json\/wp\/v2\/media?parent=53158"}],"wp:term":[{"taxonomy":"category","embeddable":true,"href":"https:\/\/www.caririemacao.com\/1\/wp-json\/wp\/v2\/categories?post=53158"},{"taxonomy":"post_tag","embeddable":true,"href":"https:\/\/www.caririemacao.com\/1\/wp-json\/wp\/v2\/tags?post=53158"}],"curies":[{"name":"wp","href":"https:\/\/api.w.org\/{rel}","templated":true}]}}