{"id":53355,"date":"2018-06-05T21:49:52","date_gmt":"2018-06-06T00:49:52","guid":{"rendered":"http:\/\/caririemacao.com\/1\/?p=53355"},"modified":"2018-06-05T21:49:52","modified_gmt":"2018-06-06T00:49:52","slug":"ufcg-seleciona-professor-substituto-na-area-de-psicologia-em-sume","status":"publish","type":"post","link":"https:\/\/www.caririemacao.com\/1\/2018\/06\/05\/ufcg-seleciona-professor-substituto-na-area-de-psicologia-em-sume\/","title":{"rendered":"UFCG seleciona professor substituto na \u00e1rea de Psicologia em Sum\u00e9"},"content":{"rendered":"<p>Est\u00e3o abertas at\u00e9 a pr\u00f3xima sexta-feira, dia 8, na\u00a0Universidade Federal de Campina Grande (UFCG), campus Sum\u00e9, as inscri\u00e7\u00f5es\u00a0para o Processo Seletivo Simplificado\u00a0para contrata\u00e7\u00e3o de\u00a0um\u00a0professor substituto\u00a0na \u00e1rea de Psicologia e Educa\u00e7\u00e3o\/Educa\u00e7\u00e3o Especial. O selecionado\u00a0ir\u00e1 lecionar no curso de Educa\u00e7\u00e3o do campo, ingressando como professor auxiliar.<\/p>\n<p align=\"left\">Para\u00a0participar, o candidato precisa\u00a0ter licenciatura ou bacharelado em Psicologia.\u00a0Os vencimentos b\u00e1sicos s\u00e3o\u00a0de R$ 3.121,76, para um regime de trabalho de 40 horas semanais.<\/p>\n<p align=\"left\">As inscri\u00e7\u00f5es\u00a0est\u00e3o sendo realizadas\u00a0no Protocolo Setorial do Centro de Desenvolvimento Sustent\u00e1vel do Semi\u00e1rido (CDSA), em Sum\u00e9, no\u00a0hor\u00e1rio das 8h \u00e0s 12h e das 14h \u00e0s 18h.\u00a0A taxa de inscri\u00e7\u00e3o custa R$ 60.<\/p>\n<p align=\"left\">Acesse aqui o extrato de\u00a0<a href=\"http:\/\/www.ufcg.edu.br:8080\/chamadas\/downloads\/132640.pdf\">edital<\/a>.<\/p>\n<p><strong>CARIRI EM A\u00c7\u00c3O<\/strong><\/p>\n<p>Com CDSA\/Foto: Reprodu\u00e7\u00e3o Internet<\/p>\n<p>Leia mais not\u00edcias em\u00a0<a href=\"http:\/\/www.caririemacao.com\/\">caririemacao.com<\/a>, siga nossa p\u00e1gina no\u00a0<a href=\"https:\/\/www.facebook.com\/CaririEmAcao\/?ref=aymt_homepage_panel\">Facebook<\/a>,\u00a0<a href=\"https:\/\/www.instagram.com\/cariri_em_acao\/?hl=pt-br\">Instagram<\/a>\u00a0e\u00a0<a href=\"https:\/\/www.youtube.com\/channel\/UCAptA0jQuYQy8vMhLt2m4qg\">Youtube<\/a>\u00a0e veja nossas mat\u00e9rias, v\u00eddeos e fotos. Voc\u00ea tamb\u00e9m pode enviar informa\u00e7\u00f5es \u00e0 Reda\u00e7\u00e3o do Portal Cariri em A\u00e7\u00e3o pelo WhatsApp (83) 9 9634.5791, (83) 9 9601-1162.<\/p>\n","protected":false},"excerpt":{"rendered":"<p>Est\u00e3o abertas at\u00e9 a pr\u00f3xima sexta-feira, dia 8, na\u00a0Universidade Federal de Campina Grande (UFCG), campus Sum\u00e9, as inscri\u00e7\u00f5es\u00a0para o Processo Seletivo Simplificado\u00a0para contrata\u00e7\u00e3o de\u00a0um\u00a0professor substituto\u00a0na&hellip; <\/p>\n","protected":false},"author":2,"featured_media":45349,"comment_status":"closed","ping_status":"closed","sticky":false,"template":"","format":"standard","meta":{"sfsi_plus_gutenberg_text_before_share":"","sfsi_plus_gutenberg_show_text_before_share":"","sfsi_plus_gutenberg_icon_type":"","sfsi_plus_gutenberg_icon_alignemt":"","sfsi_plus_gutenburg_max_per_row":"","footnotes":""},"categories":[14],"tags":[],"class_list":["post-53355","post","type-post","status-publish","format-standard","has-post-thumbnail","hentry","category-educacao"],"_links":{"self":[{"href":"https:\/\/www.caririemacao.com\/1\/wp-json\/wp\/v2\/posts\/53355","targetHints":{"allow":["GET"]}}],"collection":[{"href":"https:\/\/www.caririemacao.com\/1\/wp-json\/wp\/v2\/posts"}],"about":[{"href":"https:\/\/www.caririemacao.com\/1\/wp-json\/wp\/v2\/types\/post"}],"author":[{"embeddable":true,"href":"https:\/\/www.caririemacao.com\/1\/wp-json\/wp\/v2\/users\/2"}],"replies":[{"embeddable":true,"href":"https:\/\/www.caririemacao.com\/1\/wp-json\/wp\/v2\/comments?post=53355"}],"version-history":[{"count":0,"href":"https:\/\/www.caririemacao.com\/1\/wp-json\/wp\/v2\/posts\/53355\/revisions"}],"wp:featuredmedia":[{"embeddable":true,"href":"https:\/\/www.caririemacao.com\/1\/wp-json\/wp\/v2\/media\/45349"}],"wp:attachment":[{"href":"https:\/\/www.caririemacao.com\/1\/wp-json\/wp\/v2\/media?parent=53355"}],"wp:term":[{"taxonomy":"category","embeddable":true,"href":"https:\/\/www.caririemacao.com\/1\/wp-json\/wp\/v2\/categories?post=53355"},{"taxonomy":"post_tag","embeddable":true,"href":"https:\/\/www.caririemacao.com\/1\/wp-json\/wp\/v2\/tags?post=53355"}],"curies":[{"name":"wp","href":"https:\/\/api.w.org\/{rel}","templated":true}]}}