{"id":53359,"date":"2018-06-05T21:55:38","date_gmt":"2018-06-06T00:55:38","guid":{"rendered":"http:\/\/caririemacao.com\/1\/?p=53359"},"modified":"2018-06-05T21:55:38","modified_gmt":"2018-06-06T00:55:38","slug":"prorrogadas-ate-14-de-junho-as-inscricoes-para-mestrado-profissional-em-gestao-e-regulacao-de-recursos-hidricos-na-ufcg-em-sume","status":"publish","type":"post","link":"https:\/\/www.caririemacao.com\/1\/2018\/06\/05\/prorrogadas-ate-14-de-junho-as-inscricoes-para-mestrado-profissional-em-gestao-e-regulacao-de-recursos-hidricos-na-ufcg-em-sume\/","title":{"rendered":"Prorrogadas at\u00e9 14 de junho as inscri\u00e7\u00f5es para Mestrado Profissional em Gest\u00e3o e Regula\u00e7\u00e3o de Recursos H\u00eddricos na UFCG em Sum\u00e9"},"content":{"rendered":"<p class=\"m_-7067579125902532545gmail-m_-5844680098857275467gmail-MsoNoSpacing\">Foram prorrogadas at\u00e9 o dia 14 de junho, as inscri\u00e7\u00f5es para a sele\u00e7\u00e3o do Mestrado Profissional em Rede Nacional em Gest\u00e3o e Regula\u00e7\u00e3o de Recursos H\u00eddricos (Prof\u00c1gua) que ter\u00e1 turma no Centro de Desenvolvimento Sustent\u00e1vel do Semi\u00e1rido da Universidade Federal de Campina Grande.\u00a0 S\u00e3o oferecidas 20 vagas na UFCG.<\/p>\n<p class=\"m_-7067579125902532545gmail-m_-5844680098857275467gmail-MsoNoSpacing\">O Prof\u00c1gua \u00e9 um programa de p\u00f3s-gradua\u00e7\u00e3o stricto sensu em Gest\u00e3o e Regula\u00e7\u00e3o de Recursos H\u00eddricos recomendado pela Coordena\u00e7\u00e3o de Aperfei\u00e7oamento de Pessoal de N\u00edvel Superior (CAPES) do Minist\u00e9rio da Educa\u00e7\u00e3o. Coordenado pela Universidade Estadual Paulista J\u00falio de Mesquita Filho, tem como objetivo proporcionar a forma\u00e7\u00e3o continuada dos profissionais que atuam em \u00f3rg\u00e3os gestores de recursos h\u00eddricos (em n\u00edvel federal, estadual e municipal), ag\u00eancias de \u00e1gua, comit\u00eas de bacia hidrogr\u00e1fica ou conselhos de recursos h\u00eddricos, seja participando desses \u00f3rg\u00e3os ou submetendo pedidos ou projetos de utiliza\u00e7\u00e3o e controle de recursos h\u00eddricos.<\/p>\n<p class=\"m_-7067579125902532545gmail-m_-5844680098857275467gmail-MsoNoSpacing\">O programa tem como \u00e1reas de concentra\u00e7\u00e3o instrumentos da pol\u00edtica de recursos h\u00eddricos e regula\u00e7\u00e3o e governan\u00e7a de recursos h\u00eddricos. As linhas de pesquisa s\u00e3o: Ferramentas aplicadas aos instrumentos de gest\u00e3o de recursos h\u00eddricos; Metodologias para implementa\u00e7\u00e3o dos instrumentos de gest\u00e3o de recursos h\u00eddricos; Planejamento e gest\u00e3o de recursos h\u00eddricos e Seguran\u00e7a h\u00eddrica e usos m\u00faltiplos da \u00e1gua.<\/p>\n<p class=\"m_-7067579125902532545gmail-m_-5844680098857275467gmail-MsoNoSpacing\">Acesse a p\u00e1gina do Programa para realizar inscri\u00e7\u00e3o e obter mais informa\u00e7\u00f5es (<a href=\"http:\/\/www.feis.unesp.br\/#!\/pos-graduacao\/profagua\/processo-seletivo-2018\" target=\"_blank\" rel=\"noopener noreferrer\" data-saferedirecturl=\"https:\/\/www.google.com\/url?hl=pt-BR&amp;q=http:\/\/www.feis.unesp.br\/%23!\/pos-graduacao\/profagua\/processo-seletivo-2018&amp;source=gmail&amp;ust=1525887048454000&amp;usg=AFQjCNENGmKwXFCoo-MfxMow5c_12xxLAQ\">http:\/\/www.feis.unesp.br\/#!\/p<wbr \/>os-graduacao\/profagua\/processo<wbr \/>-seletivo-2018<\/a>).<\/p>\n<p><strong>CARIRI EM A\u00c7\u00c3O<\/strong><\/p>\n<p>Com Assimp CDSA\/Foto: Reprodu\u00e7\u00e3o Internet<\/p>\n<p>Leia mais not\u00edcias em\u00a0<a href=\"http:\/\/www.caririemacao.com\/\">caririemacao.com<\/a>, siga nossa p\u00e1gina no\u00a0<a href=\"https:\/\/www.facebook.com\/CaririEmAcao\/?ref=aymt_homepage_panel\">Facebook<\/a>,\u00a0<a href=\"https:\/\/www.instagram.com\/cariri_em_acao\/?hl=pt-br\">Instagram<\/a>\u00a0e\u00a0<a href=\"https:\/\/www.youtube.com\/channel\/UCAptA0jQuYQy8vMhLt2m4qg\">Youtube<\/a>\u00a0e veja nossas mat\u00e9rias, v\u00eddeos e fotos. Voc\u00ea tamb\u00e9m pode enviar informa\u00e7\u00f5es \u00e0 Reda\u00e7\u00e3o do Portal Cariri em A\u00e7\u00e3o pelo WhatsApp (83) 9 9634.5791, (83) 9 9601-1162.<\/p>\n","protected":false},"excerpt":{"rendered":"<p>Foram prorrogadas at\u00e9 o dia 14 de junho, as inscri\u00e7\u00f5es para a sele\u00e7\u00e3o do Mestrado Profissional em Rede Nacional em Gest\u00e3o e Regula\u00e7\u00e3o de Recursos&hellip; <\/p>\n","protected":false},"author":2,"featured_media":47490,"comment_status":"closed","ping_status":"closed","sticky":false,"template":"","format":"standard","meta":{"sfsi_plus_gutenberg_text_before_share":"","sfsi_plus_gutenberg_show_text_before_share":"","sfsi_plus_gutenberg_icon_type":"","sfsi_plus_gutenberg_icon_alignemt":"","sfsi_plus_gutenburg_max_per_row":"","footnotes":""},"categories":[14],"tags":[],"class_list":["post-53359","post","type-post","status-publish","format-standard","has-post-thumbnail","hentry","category-educacao"],"_links":{"self":[{"href":"https:\/\/www.caririemacao.com\/1\/wp-json\/wp\/v2\/posts\/53359","targetHints":{"allow":["GET"]}}],"collection":[{"href":"https:\/\/www.caririemacao.com\/1\/wp-json\/wp\/v2\/posts"}],"about":[{"href":"https:\/\/www.caririemacao.com\/1\/wp-json\/wp\/v2\/types\/post"}],"author":[{"embeddable":true,"href":"https:\/\/www.caririemacao.com\/1\/wp-json\/wp\/v2\/users\/2"}],"replies":[{"embeddable":true,"href":"https:\/\/www.caririemacao.com\/1\/wp-json\/wp\/v2\/comments?post=53359"}],"version-history":[{"count":0,"href":"https:\/\/www.caririemacao.com\/1\/wp-json\/wp\/v2\/posts\/53359\/revisions"}],"wp:featuredmedia":[{"embeddable":true,"href":"https:\/\/www.caririemacao.com\/1\/wp-json\/wp\/v2\/media\/47490"}],"wp:attachment":[{"href":"https:\/\/www.caririemacao.com\/1\/wp-json\/wp\/v2\/media?parent=53359"}],"wp:term":[{"taxonomy":"category","embeddable":true,"href":"https:\/\/www.caririemacao.com\/1\/wp-json\/wp\/v2\/categories?post=53359"},{"taxonomy":"post_tag","embeddable":true,"href":"https:\/\/www.caririemacao.com\/1\/wp-json\/wp\/v2\/tags?post=53359"}],"curies":[{"name":"wp","href":"https:\/\/api.w.org\/{rel}","templated":true}]}}