{"id":53362,"date":"2018-06-05T22:43:36","date_gmt":"2018-06-06T01:43:36","guid":{"rendered":"http:\/\/caririemacao.com\/1\/?p=53362"},"modified":"2018-06-05T22:43:36","modified_gmt":"2018-06-06T01:43:36","slug":"prefeito-jefferson-divulga-atracoes-do-sao-pedro-em-sao-jose-dos-cordeiros","status":"publish","type":"post","link":"https:\/\/www.caririemacao.com\/1\/2018\/06\/05\/prefeito-jefferson-divulga-atracoes-do-sao-pedro-em-sao-jose-dos-cordeiros\/","title":{"rendered":"Prefeito Jefferson divulga atra\u00e7\u00f5es do S\u00e3o Pedro em S\u00e3o Jos\u00e9 dos Cordeiros"},"content":{"rendered":"<p>A Prefeitura de S\u00e3o Jos\u00e9 dos Cordeiros divulgou durante esta ter\u00e7a-feira (05), a programa\u00e7\u00e3o do tradicional S\u00e3o Pedro.<\/p>\n<p>Segundo o prefeito Jefferson Roberto, a festa ser\u00e1 realizada no dia 30 de junho e contar\u00e1 com os shows de Rita de C\u00e1ssia, Jo\u00e3o Estiga\u00e7\u00e3o, Banda A Loba e Z\u00e9 da Paz do Acordeon.<\/p>\n<p>Jefferson lembrou que o S\u00e3o Pedro de S\u00e3o Jos\u00e9 dos Cordeiros \u00e9 uma das maiores festas t\u00edpicas realizada na regi\u00e3o do Cariri Paraibano neste per\u00edodo junino.<\/p>\n<p><strong>CARIRI EM A\u00c7\u00c3O<\/strong><\/p>\n<p>Leia mais not\u00edcias em\u00a0<a style=\"font-style: inherit; font-weight: inherit;\" href=\"http:\/\/www.caririemacao.com\/\">caririemacao.com<\/a>, siga nossa p\u00e1gina no\u00a0<a style=\"font-style: inherit; font-weight: inherit;\" href=\"https:\/\/www.facebook.com\/CaririEmAcao\/?ref=aymt_homepage_panel\">Facebook<\/a>,\u00a0<a style=\"font-style: inherit; font-weight: inherit;\" href=\"https:\/\/www.instagram.com\/cariri_em_acao\/?hl=pt-br\">Instagram<\/a>\u00a0e\u00a0<a style=\"font-style: inherit; font-weight: inherit;\" href=\"https:\/\/www.youtube.com\/channel\/UCAptA0jQuYQy8vMhLt2m4qg\">Youtube<\/a>\u00a0e veja nossas mat\u00e9rias, v\u00eddeos e fotos. Voc\u00ea tamb\u00e9m pode enviar informa\u00e7\u00f5es \u00e0 Reda\u00e7\u00e3o do Portal Cariri em A\u00e7\u00e3o pelo WhatsApp (83) 9 9634.5791, (83) 9 9601-1162.<\/p>\n","protected":false},"excerpt":{"rendered":"<p>A Prefeitura de S\u00e3o Jos\u00e9 dos Cordeiros divulgou durante esta ter\u00e7a-feira (05), a programa\u00e7\u00e3o do tradicional S\u00e3o Pedro. Segundo o prefeito Jefferson Roberto, a festa&hellip; <\/p>\n","protected":false},"author":2,"featured_media":53363,"comment_status":"closed","ping_status":"closed","sticky":false,"template":"","format":"standard","meta":{"sfsi_plus_gutenberg_text_before_share":"","sfsi_plus_gutenberg_show_text_before_share":"","sfsi_plus_gutenberg_icon_type":"","sfsi_plus_gutenberg_icon_alignemt":"","sfsi_plus_gutenburg_max_per_row":"","footnotes":""},"categories":[6],"tags":[],"class_list":["post-53362","post","type-post","status-publish","format-standard","has-post-thumbnail","hentry","category-cidades"],"_links":{"self":[{"href":"https:\/\/www.caririemacao.com\/1\/wp-json\/wp\/v2\/posts\/53362","targetHints":{"allow":["GET"]}}],"collection":[{"href":"https:\/\/www.caririemacao.com\/1\/wp-json\/wp\/v2\/posts"}],"about":[{"href":"https:\/\/www.caririemacao.com\/1\/wp-json\/wp\/v2\/types\/post"}],"author":[{"embeddable":true,"href":"https:\/\/www.caririemacao.com\/1\/wp-json\/wp\/v2\/users\/2"}],"replies":[{"embeddable":true,"href":"https:\/\/www.caririemacao.com\/1\/wp-json\/wp\/v2\/comments?post=53362"}],"version-history":[{"count":0,"href":"https:\/\/www.caririemacao.com\/1\/wp-json\/wp\/v2\/posts\/53362\/revisions"}],"wp:featuredmedia":[{"embeddable":true,"href":"https:\/\/www.caririemacao.com\/1\/wp-json\/wp\/v2\/media\/53363"}],"wp:attachment":[{"href":"https:\/\/www.caririemacao.com\/1\/wp-json\/wp\/v2\/media?parent=53362"}],"wp:term":[{"taxonomy":"category","embeddable":true,"href":"https:\/\/www.caririemacao.com\/1\/wp-json\/wp\/v2\/categories?post=53362"},{"taxonomy":"post_tag","embeddable":true,"href":"https:\/\/www.caririemacao.com\/1\/wp-json\/wp\/v2\/tags?post=53362"}],"curies":[{"name":"wp","href":"https:\/\/api.w.org\/{rel}","templated":true}]}}