{"id":53580,"date":"2018-06-07T22:38:22","date_gmt":"2018-06-08T01:38:22","guid":{"rendered":"http:\/\/caririemacao.com\/1\/?p=53580"},"modified":"2018-06-07T22:38:22","modified_gmt":"2018-06-08T01:38:22","slug":"fachin-nega-pedido-de-quebra-de-sigilo-telefonico-de-temer","status":"publish","type":"post","link":"https:\/\/www.caririemacao.com\/1\/2018\/06\/07\/fachin-nega-pedido-de-quebra-de-sigilo-telefonico-de-temer\/","title":{"rendered":"Fachin nega pedido de quebra de sigilo telef\u00f4nico de Temer"},"content":{"rendered":"<div class=\"row news-info-container no-margin\">\n<div class=\"col-lg-6 col-md-6 col-sm-6 col-xs-12 no-padding\">\n<p class=\"news-info-tag\"><span class=\"news_capital_letter\">O\u00a0<\/span>ministro Edson Fachin, do Supremo Tribunal Federal (STF), decidiu n\u00e3o atender ao pedido da Pol\u00edcia Federal de quebrar o sigilo telef\u00f4nico do presidente Michel Temer no \u00e2mbito de um inqu\u00e9rito instaurado com base na dela\u00e7\u00e3o da Odebrecht.<\/p>\n<\/div>\n<\/div>\n<div class=\"row news-main-text-container\">\n<div class=\"col-lg-12 col-md-12 col-sm-12 col-xs-12\">\n<div class=\"news-main-text\">\n<div class=\"pub-container inside-news\">\n<div class=\"pub-space\">Fachin determinou a quebra do sigilo telef\u00f4nico dos ministros da Casa Civil, Eliseu Padilha (MDB), e de Minas e Energia, Moreira Franco (MDB), alvos da mesma investiga\u00e7\u00e3o. A decis\u00e3o de Fachin \u00e9 sigilosa, mas foi confirmada pelo Broadcast Pol\u00edtico, servi\u00e7o de not\u00edcias em tempo real do Grupo Estado, por fontes com acesso \u00e0 investiga\u00e7\u00e3o.<\/div>\n<\/div>\n<p>A investiga\u00e7\u00e3o foi aberta para apurar relatos de delatores da empreiteira sobre suposto pagamento de R$ 10 milh\u00f5es em doa\u00e7\u00f5es il\u00edcitas para campanhas do MDB em troca de favorecimento da empresa. O acordo, segundo a dela\u00e7\u00e3o, foi firmado durante reuni\u00e3o no Pal\u00e1cio do Jaburu em 2014, quando Temer era vice-presidente.<\/p>\n<p>O pedido de quebra de sigilo da PF, feito em mar\u00e7o ao Supremo, abrange o per\u00edodo de 2014, quando teriam ocorrido os repasses por meio de operadores da empreiteira.<\/p>\n<p>A quebra de sigilo telef\u00f4nico n\u00e3o possibilita a recupera\u00e7\u00e3o do conte\u00fado das conversas, mas consegue identificar os hor\u00e1rios e para quem foram feitas liga\u00e7\u00f5es do n\u00famero do presidente e de seus aliados. O objetivo desse tipo de medida \u00e9 mapear se os investigados se comunicaram na \u00e9poca em que, segundo os delatores, teria havido a negocia\u00e7\u00e3o.<\/p>\n<p>A PF tamb\u00e9m pediu a quebra do sigilo telef\u00f4nico de operadores da empreiteira que teriam realizado as supostas entregas do dinheiro. No caso dos R$ 10 milh\u00f5es, segundo a Odebrecht repassados ao grupo pol\u00edtico de Temer, as entregas teriam sido feitas por um operador do Rio Grande do Sul e no escrit\u00f3rio do amigo e ex-assessor de Temer, o advogado Jos\u00e9 Yunes.<\/p>\n<p><strong>Portos<\/strong><\/p>\n<p>No in\u00edcio de mar\u00e7o, o ministro Lu\u00eds Roberto Barroso, do Supremo, autorizou a quebra dos sigilos banc\u00e1rio e fiscal de Temer no inqu\u00e9rito que investiga suspeitas de irregularidades na edi\u00e7\u00e3o do chamado Decreto dos Portos, assinado por ele em maio de 2017.<\/p>\n<p>A decis\u00e3o de Barroso atendeu a um pedido do delegado da PF Cleyber Malta, respons\u00e1vel pelo inqu\u00e9rito. O delegado reiterou a necessidade da quebra de sigilo e disse que a medida era imprescind\u00edvel. Segundo ele, sem o acesso aos dados banc\u00e1rios, n\u00e3o seria poss\u00edvel alcan\u00e7ar a finalidade da investiga\u00e7\u00e3o.<\/p>\n<p>A quebra de sigilo banc\u00e1rio no caso dos Portos abrange o per\u00edodo entre 2013 e 2017. A solicita\u00e7\u00e3o feita pelo delegado, em dezembro do ano passado, diverge do pedido da procuradora-geral da Rep\u00fablica, Raquel Dodge, que solicitou quebras de sigilo no inqu\u00e9rito dos Portos, mas n\u00e3o incluiu Temer.<\/p>\n<p><strong>Defesas<\/strong><\/p>\n<p>Procurado pela reportagem, o Pal\u00e1cio do Planalto informou que n\u00e3o vai se manifestar.<\/p>\n<p>O advogado Daniel Gerber, que defende Padilha, disse que &#8220;o ministro nada deve, n\u00e3o est\u00e1 preocupado e se manifestar\u00e1 apenas nos autos&#8221;.<\/p>\n<p>A defesa de Moreira Franco n\u00e3o havia se manifestado at\u00e9 a publica\u00e7\u00e3o deste texto.<\/p>\n<p><strong>CARIRI EM A\u00c7\u00c3O<\/strong><\/p>\n<p>Com Estad\u00e3o Conte\u00fado\/Foto: Reprodu\u00e7\u00e3o Internet<\/p>\n<p>Leia mais not\u00edcias em\u00a0<a href=\"http:\/\/www.caririemacao.com\/\">caririemacao.com<\/a>, siga nossa p\u00e1gina no\u00a0<a href=\"https:\/\/www.facebook.com\/CaririEmAcao\/?ref=aymt_homepage_panel\">Facebook<\/a>,\u00a0<a href=\"https:\/\/www.instagram.com\/cariri_em_acao\/?hl=pt-br\">Instagram<\/a>\u00a0e\u00a0<a href=\"https:\/\/www.youtube.com\/channel\/UCAptA0jQuYQy8vMhLt2m4qg\">Youtube<\/a>\u00a0e veja nossas mat\u00e9rias, v\u00eddeos e fotos. Voc\u00ea tamb\u00e9m pode enviar informa\u00e7\u00f5es \u00e0 Reda\u00e7\u00e3o do Portal Cariri em A\u00e7\u00e3o pelo WhatsApp (83) 9 9634.5791, (83) 9 9601-1162.<\/p>\n<\/div>\n<\/div>\n<\/div>\n","protected":false},"excerpt":{"rendered":"<p>O\u00a0ministro Edson Fachin, do Supremo Tribunal Federal (STF), decidiu n\u00e3o atender ao pedido da Pol\u00edcia Federal de quebrar o sigilo telef\u00f4nico do presidente Michel Temer&hellip; <\/p>\n","protected":false},"author":2,"featured_media":13760,"comment_status":"closed","ping_status":"closed","sticky":false,"template":"","format":"standard","meta":{"sfsi_plus_gutenberg_text_before_share":"","sfsi_plus_gutenberg_show_text_before_share":"","sfsi_plus_gutenberg_icon_type":"","sfsi_plus_gutenberg_icon_alignemt":"","sfsi_plus_gutenburg_max_per_row":"","footnotes":""},"categories":[2],"tags":[],"class_list":["post-53580","post","type-post","status-publish","format-standard","has-post-thumbnail","hentry","category-geral"],"_links":{"self":[{"href":"https:\/\/www.caririemacao.com\/1\/wp-json\/wp\/v2\/posts\/53580","targetHints":{"allow":["GET"]}}],"collection":[{"href":"https:\/\/www.caririemacao.com\/1\/wp-json\/wp\/v2\/posts"}],"about":[{"href":"https:\/\/www.caririemacao.com\/1\/wp-json\/wp\/v2\/types\/post"}],"author":[{"embeddable":true,"href":"https:\/\/www.caririemacao.com\/1\/wp-json\/wp\/v2\/users\/2"}],"replies":[{"embeddable":true,"href":"https:\/\/www.caririemacao.com\/1\/wp-json\/wp\/v2\/comments?post=53580"}],"version-history":[{"count":0,"href":"https:\/\/www.caririemacao.com\/1\/wp-json\/wp\/v2\/posts\/53580\/revisions"}],"wp:featuredmedia":[{"embeddable":true,"href":"https:\/\/www.caririemacao.com\/1\/wp-json\/wp\/v2\/media\/13760"}],"wp:attachment":[{"href":"https:\/\/www.caririemacao.com\/1\/wp-json\/wp\/v2\/media?parent=53580"}],"wp:term":[{"taxonomy":"category","embeddable":true,"href":"https:\/\/www.caririemacao.com\/1\/wp-json\/wp\/v2\/categories?post=53580"},{"taxonomy":"post_tag","embeddable":true,"href":"https:\/\/www.caririemacao.com\/1\/wp-json\/wp\/v2\/tags?post=53580"}],"curies":[{"name":"wp","href":"https:\/\/api.w.org\/{rel}","templated":true}]}}