{"id":53584,"date":"2018-06-07T22:45:10","date_gmt":"2018-06-08T01:45:10","guid":{"rendered":"http:\/\/caririemacao.com\/1\/?p=53584"},"modified":"2018-06-07T22:45:10","modified_gmt":"2018-06-08T01:45:10","slug":"cerca-600-presos-do-pb-1-e-pb-2-terao-situacoes-juridicas-analisadas","status":"publish","type":"post","link":"https:\/\/www.caririemacao.com\/1\/2018\/06\/07\/cerca-600-presos-do-pb-1-e-pb-2-terao-situacoes-juridicas-analisadas\/","title":{"rendered":"Cerca 600 presos do PB 1 e PB 2 ter\u00e3o situa\u00e7\u00f5es jur\u00eddicas analisadas"},"content":{"rendered":"<div class=\"noticiacorpo\">\n<p class=\" \">Cerca 600 presos assistidos pela Defensoria P\u00fablica do Estado da Para\u00edba (DPPB) ter\u00e3o sua situa\u00e7\u00e3o jur\u00eddica analisada por meio de um esfor\u00e7o concentrado realizado na Penitenci\u00e1ria Dr. Romeu Gon\u00e7alves (PB 1 e PB 2). O objetivo da a\u00e7\u00e3o \u00e9 avaliar a situa\u00e7\u00e3o de cada um e requerer, na Justi\u00e7a, os benef\u00edcios que eles possam eventualmente ter direito.<\/p>\n<p class=\" \">Atualmente, a popula\u00e7\u00e3o carcer\u00e1ria nas unidades PB 1 e PB 2 \u00e9 de 683 presos. De acordo com gerente de Execu\u00e7\u00e3o Penal e Acompanhamento de Penas Alternativas, Waldelita Cunha, aproximadamente 90% dessa popula\u00e7\u00e3o \u00e9 assistida pela Defensoria P\u00fablica, por meio de quatro defensores que atuam semanalmente na penitenci\u00e1ria.<\/p>\n<p class=\" \">A meta \u00e9 concluir todos os pedidos de progress\u00e3o de regime, livramento condicional e demais requerimentos em at\u00e9 40 dias. \u201cOs defensores que t\u00eam atua\u00e7\u00e3o na penitenci\u00e1ria v\u00e3o avaliar os prontu\u00e1rios f\u00edsicos e eletr\u00f4nicos para requerer o que de direito em favor dos apenados assistidos pela Defensoria P\u00fablica\u201d, explicou.<\/p>\n<p class=\" \">Waldelita tamb\u00e9m ressaltou a import\u00e2ncia do trabalho di\u00e1rio dos defensores p\u00fablicos nas penitenci\u00e1rias do Estado. \u201cTodos os dias t\u00eam defensor p\u00fablico fazendo atendimento jur\u00eddico integral e gratuito aos presos assistidos pela Defensoria, como tamb\u00e9m atendendo os familiares dos apenados informando-os sobre a tramita\u00e7\u00e3o processual. \u00c9 um trabalho \u00e1rduo, por\u00e9m gratificante uma vez que buscamos o direito daqueles que n\u00e3o t\u00eam condi\u00e7\u00f5es financeiras e necessitam da assist\u00eancia jur\u00eddica\u201d, disse.<\/p>\n<\/div>\n<p><strong>CARIRI EM A\u00c7\u00c3O<\/strong><\/p>\n<p>Com Assessoria\/Foto: Reprodu\u00e7\u00e3o I<\/p>\n<p>Leia mais not\u00edcias em\u00a0<a href=\"http:\/\/www.caririemacao.com\/\">caririemacao.com<\/a>, siga nossa p\u00e1gina no\u00a0<a href=\"https:\/\/www.facebook.com\/CaririEmAcao\/?ref=aymt_homepage_panel\">Facebook<\/a>,\u00a0<a href=\"https:\/\/www.instagram.com\/cariri_em_acao\/?hl=pt-br\">Instagram<\/a>\u00a0e\u00a0<a href=\"https:\/\/www.youtube.com\/channel\/UCAptA0jQuYQy8vMhLt2m4qg\">Youtube<\/a>\u00a0e veja nossas mat\u00e9rias, v\u00eddeos e fotos. Voc\u00ea tamb\u00e9m pode enviar informa\u00e7\u00f5es \u00e0 Reda\u00e7\u00e3o do Portal Cariri em A\u00e7\u00e3o pelo WhatsApp (83) 9 9634.5791, (83) 9 9601-1162.<\/p>\n","protected":false},"excerpt":{"rendered":"<p>Cerca 600 presos assistidos pela Defensoria P\u00fablica do Estado da Para\u00edba (DPPB) ter\u00e3o sua situa\u00e7\u00e3o jur\u00eddica analisada por meio de um esfor\u00e7o concentrado realizado na&hellip; <\/p>\n","protected":false},"author":2,"featured_media":53585,"comment_status":"closed","ping_status":"closed","sticky":false,"template":"","format":"standard","meta":{"sfsi_plus_gutenberg_text_before_share":"","sfsi_plus_gutenberg_show_text_before_share":"","sfsi_plus_gutenberg_icon_type":"","sfsi_plus_gutenberg_icon_alignemt":"","sfsi_plus_gutenburg_max_per_row":"","footnotes":""},"categories":[12],"tags":[],"class_list":["post-53584","post","type-post","status-publish","format-standard","has-post-thumbnail","hentry","category-policia"],"_links":{"self":[{"href":"https:\/\/www.caririemacao.com\/1\/wp-json\/wp\/v2\/posts\/53584","targetHints":{"allow":["GET"]}}],"collection":[{"href":"https:\/\/www.caririemacao.com\/1\/wp-json\/wp\/v2\/posts"}],"about":[{"href":"https:\/\/www.caririemacao.com\/1\/wp-json\/wp\/v2\/types\/post"}],"author":[{"embeddable":true,"href":"https:\/\/www.caririemacao.com\/1\/wp-json\/wp\/v2\/users\/2"}],"replies":[{"embeddable":true,"href":"https:\/\/www.caririemacao.com\/1\/wp-json\/wp\/v2\/comments?post=53584"}],"version-history":[{"count":0,"href":"https:\/\/www.caririemacao.com\/1\/wp-json\/wp\/v2\/posts\/53584\/revisions"}],"wp:featuredmedia":[{"embeddable":true,"href":"https:\/\/www.caririemacao.com\/1\/wp-json\/wp\/v2\/media\/53585"}],"wp:attachment":[{"href":"https:\/\/www.caririemacao.com\/1\/wp-json\/wp\/v2\/media?parent=53584"}],"wp:term":[{"taxonomy":"category","embeddable":true,"href":"https:\/\/www.caririemacao.com\/1\/wp-json\/wp\/v2\/categories?post=53584"},{"taxonomy":"post_tag","embeddable":true,"href":"https:\/\/www.caririemacao.com\/1\/wp-json\/wp\/v2\/tags?post=53584"}],"curies":[{"name":"wp","href":"https:\/\/api.w.org\/{rel}","templated":true}]}}