{"id":53590,"date":"2018-06-07T22:49:49","date_gmt":"2018-06-08T01:49:49","guid":{"rendered":"http:\/\/caririemacao.com\/1\/?p=53590"},"modified":"2018-06-07T22:49:49","modified_gmt":"2018-06-08T01:49:49","slug":"ricardo-acusa-oposicao-de-boicotar-emprestimos-e-avisa-vou-derrota-la-em-2018","status":"publish","type":"post","link":"https:\/\/www.caririemacao.com\/1\/2018\/06\/07\/ricardo-acusa-oposicao-de-boicotar-emprestimos-e-avisa-vou-derrota-la-em-2018\/","title":{"rendered":"Ricardo acusa oposi\u00e7\u00e3o de boicotar empr\u00e9stimos e avisa: \u2018Vou derrot\u00e1-la em 2018\u2019"},"content":{"rendered":"<p>O governador Ricardo Coutinho (PSB) voltou a alfinetar a oposi\u00e7\u00e3o durante agenda no munic\u00edpio de Ara\u00e7agi onde assinou ordem de servi\u00e7o autorizando a implanta\u00e7\u00e3o do sistema de abastecimento de \u00e1gua, que vai atender os distritos de Santa L\u00facia e Tainha. O socialista acusou seus advers\u00e1rios de impedir a libera\u00e7\u00e3o de empr\u00e9stimos ao estado para prejudicar o governo, mas avisou que pretende derrot\u00e1-los novamente nas urnas em outubro.<\/p>\n<p>\u201cNosso governo \u00e9 perseguido porque mesmo tendo capacidade de contrair empr\u00e9stimos, o governo federal n\u00e3o permite porque tem pol\u00edtico da Para\u00edba que sentou em cima e para prejudicar o governador, imp\u00f5e sacrif\u00edcios ao povo. S\u00e3o esses pol\u00edticos que eu quero mais uma vez derrotar em 2018\u201d, declarou.<\/p>\n<p>Para o governador, a oposi\u00e7\u00e3o trabalha para retomar o projeto de apadrinhamento na Para\u00edba.<\/p>\n<p>\u201cEles tiveram toda a hist\u00f3ria e tempo do mundo para governar, mas governaram para eles e n\u00e3o para o povo. A pergunta \u00e9: O povo quer ir para onde? Quer ir para a frente, quer continuar avan\u00e7ando ou quer retroceder para uma \u00e9poca do familismo? Eu n\u00e3o tenho a menor d\u00favida de que a l\u00f3gica \u00e9 de que esse estado continue a manter o n\u00edvel de desenvolvimento e olhar para os mais esquecidos\u201d, disse.<\/p>\n<p>Ricardo Coutinho ainda destacou os n\u00fameros do Atlas da Viol\u00eancia 2018 que atestaram redu\u00e7\u00e3o na taxa de homic\u00eddios na Para\u00edba entre 2011 e 2016.<\/p>\n<p>\u201cEles cometeram o crime de lesa-p\u00e1tria ao abandonar completamente a seguran\u00e7a p\u00fablica e coube a este governo, que eu tenho a honra de representar, encarar esse desafio e come\u00e7ar a trabalhar diuturnamente para reduzir. N\u00f3s somos o \u00fanico estado do Brasil, que entre 2012 e 2017, estamos continuando em 2018, diminuiu ano ap\u00f3s ano\u201d, concluiu.<\/p>\n<p><strong>CARIRI EM A\u00c7\u00c3O<\/strong><\/p>\n<p>Com Estad\u00e3o Conte\u00fado\/Foto: Cariri em A\u00e7\u00e3o<\/p>\n<p>Leia mais not\u00edcias em\u00a0<a href=\"http:\/\/www.caririemacao.com\/\">caririemacao.com<\/a>, siga nossa p\u00e1gina no\u00a0<a href=\"https:\/\/www.facebook.com\/CaririEmAcao\/?ref=aymt_homepage_panel\">Facebook<\/a>,\u00a0<a href=\"https:\/\/www.instagram.com\/cariri_em_acao\/?hl=pt-br\">Instagram<\/a>\u00a0e\u00a0<a href=\"https:\/\/www.youtube.com\/channel\/UCAptA0jQuYQy8vMhLt2m4qg\">Youtube<\/a>\u00a0e veja nossas mat\u00e9rias, v\u00eddeos e fotos. Voc\u00ea tamb\u00e9m pode enviar informa\u00e7\u00f5es \u00e0 Reda\u00e7\u00e3o do Portal Cariri em A\u00e7\u00e3o pelo WhatsApp (83) 9 9634.5791, (83) 9 9601-1162.<\/p>\n","protected":false},"excerpt":{"rendered":"<p>O governador Ricardo Coutinho (PSB) voltou a alfinetar a oposi\u00e7\u00e3o durante agenda no munic\u00edpio de Ara\u00e7agi onde assinou ordem de servi\u00e7o autorizando a implanta\u00e7\u00e3o do&hellip; <\/p>\n","protected":false},"author":2,"featured_media":33979,"comment_status":"closed","ping_status":"closed","sticky":false,"template":"","format":"standard","meta":{"sfsi_plus_gutenberg_text_before_share":"","sfsi_plus_gutenberg_show_text_before_share":"","sfsi_plus_gutenberg_icon_type":"","sfsi_plus_gutenberg_icon_alignemt":"","sfsi_plus_gutenburg_max_per_row":"","footnotes":""},"categories":[11],"tags":[],"class_list":["post-53590","post","type-post","status-publish","format-standard","has-post-thumbnail","hentry","category-politica"],"_links":{"self":[{"href":"https:\/\/www.caririemacao.com\/1\/wp-json\/wp\/v2\/posts\/53590","targetHints":{"allow":["GET"]}}],"collection":[{"href":"https:\/\/www.caririemacao.com\/1\/wp-json\/wp\/v2\/posts"}],"about":[{"href":"https:\/\/www.caririemacao.com\/1\/wp-json\/wp\/v2\/types\/post"}],"author":[{"embeddable":true,"href":"https:\/\/www.caririemacao.com\/1\/wp-json\/wp\/v2\/users\/2"}],"replies":[{"embeddable":true,"href":"https:\/\/www.caririemacao.com\/1\/wp-json\/wp\/v2\/comments?post=53590"}],"version-history":[{"count":0,"href":"https:\/\/www.caririemacao.com\/1\/wp-json\/wp\/v2\/posts\/53590\/revisions"}],"wp:featuredmedia":[{"embeddable":true,"href":"https:\/\/www.caririemacao.com\/1\/wp-json\/wp\/v2\/media\/33979"}],"wp:attachment":[{"href":"https:\/\/www.caririemacao.com\/1\/wp-json\/wp\/v2\/media?parent=53590"}],"wp:term":[{"taxonomy":"category","embeddable":true,"href":"https:\/\/www.caririemacao.com\/1\/wp-json\/wp\/v2\/categories?post=53590"},{"taxonomy":"post_tag","embeddable":true,"href":"https:\/\/www.caririemacao.com\/1\/wp-json\/wp\/v2\/tags?post=53590"}],"curies":[{"name":"wp","href":"https:\/\/api.w.org\/{rel}","templated":true}]}}