{"id":53592,"date":"2018-06-07T22:51:56","date_gmt":"2018-06-08T01:51:56","guid":{"rendered":"http:\/\/caririemacao.com\/1\/?p=53592"},"modified":"2018-06-07T22:52:36","modified_gmt":"2018-06-08T01:52:36","slug":"53592","status":"publish","type":"post","link":"https:\/\/www.caririemacao.com\/1\/2018\/06\/07\/53592\/","title":{"rendered":"DEM, PPS, PMN e Rede oficializam coliga\u00e7\u00e3o proporcional neste fim de semana"},"content":{"rendered":"<div class=\"noticiacorpo\">\n<div>O Democratas, PPS, Rede e PMN v\u00e3o oficializar a alian\u00e7a proporcional neste s\u00e1bado (9), \u00e0s 9h30, no Hotel Nord Class Tamba\u00fa, na Capital. Essa \u00e9 a primeira coliga\u00e7\u00e3o proporcional a ser fechada para deputados estaduais, para as elei\u00e7\u00f5es de outubro.\u00a0 O evento vai contar com a presen\u00e7a da Executiva Estadual dos partidos, filiados e pr\u00e9-candidatos, al\u00e9m da participa\u00e7\u00e3o do pr\u00e9-candidato ao Governo Estadual pelo PSB, Jo\u00e3o Azevedo e o pr\u00e9-candidato a senador, Veneziano Vital do R\u00eago (PSB).<\/div>\n<div>\u00a0As legendas pretendem apresentar o maior n\u00famero de pr\u00e9-candidatos para deputado estadual. O PPS pretende lan\u00e7ar pelo menos 25 nomes para a disputa. A Rede vai lan\u00e7ar mais de 20 nomes, seguidos do DEM e PMN que j\u00e1 anunciaram mais de 10 pr\u00e9-candidatos cada para o Legislativo Estadual. A pretens\u00e3o \u00e9 que a coliga\u00e7\u00e3o consiga eleger quatro ou cinco parlamentares para a Assembleia Legislativa da Para\u00edba. Todas as quatros siglas tamb\u00e9m j\u00e1 oficializaram apoio a candidatura do socialista Jo\u00e3o Azevedo.<\/div>\n<div>\u00a0O presidente municipal do Democratas, Raoni Mendes, pr\u00e9-candidato a deputado estadual, disse que a coliga\u00e7\u00e3o vai apresentar nomes fortes que devem disputar as elei\u00e7\u00f5es. \u201cA coliga\u00e7\u00e3o ser\u00e1 forte para que possamos eleger o m\u00e1ximo poss\u00edvel de parlamentares\u201d, afirmou Raoni Mendes.<\/div>\n<div>\u201cN\u00f3s ouvimos os nossos filiados e decidimos nos coligar com o PMN, PPS e DEM, que s\u00e3o partidos que v\u00e3o contribuir para que a gente conquiste o maior n\u00famero de mandatos na Assembleia Legislativa\u201d, explicou o coordenador estadual da Rede, Gerson Vasconcelos.<\/div>\n<div><\/div>\n<div><strong>CARIRI EM A\u00c7\u00c3O<\/strong><\/div>\n<\/div>\n<p>Com Assessoria\/Foto: Reprodu\u00e7\u00e3o Internet<\/p>\n<p>Leia mais not\u00edcias em\u00a0<a href=\"http:\/\/www.caririemacao.com\/\">caririemacao.com<\/a>, siga nossa p\u00e1gina no\u00a0<a href=\"https:\/\/www.facebook.com\/CaririEmAcao\/?ref=aymt_homepage_panel\">Facebook<\/a>,\u00a0<a href=\"https:\/\/www.instagram.com\/cariri_em_acao\/?hl=pt-br\">Instagram<\/a>\u00a0e\u00a0<a href=\"https:\/\/www.youtube.com\/channel\/UCAptA0jQuYQy8vMhLt2m4qg\">Youtube<\/a>\u00a0e veja nossas mat\u00e9rias, v\u00eddeos e fotos. Voc\u00ea tamb\u00e9m pode enviar informa\u00e7\u00f5es \u00e0 Reda\u00e7\u00e3o do Portal Cariri em A\u00e7\u00e3o pelo WhatsApp (83) 9 9634.5791, (83) 9 9601-1162.<\/p>\n","protected":false},"excerpt":{"rendered":"<p>O Democratas, PPS, Rede e PMN v\u00e3o oficializar a alian\u00e7a proporcional neste s\u00e1bado (9), \u00e0s 9h30, no Hotel Nord Class Tamba\u00fa, na Capital. Essa \u00e9&hellip; <\/p>\n","protected":false},"author":2,"featured_media":47124,"comment_status":"closed","ping_status":"closed","sticky":false,"template":"","format":"standard","meta":{"sfsi_plus_gutenberg_text_before_share":"","sfsi_plus_gutenberg_show_text_before_share":"","sfsi_plus_gutenberg_icon_type":"","sfsi_plus_gutenberg_icon_alignemt":"","sfsi_plus_gutenburg_max_per_row":"","footnotes":""},"categories":[2],"tags":[],"class_list":["post-53592","post","type-post","status-publish","format-standard","has-post-thumbnail","hentry","category-geral"],"_links":{"self":[{"href":"https:\/\/www.caririemacao.com\/1\/wp-json\/wp\/v2\/posts\/53592","targetHints":{"allow":["GET"]}}],"collection":[{"href":"https:\/\/www.caririemacao.com\/1\/wp-json\/wp\/v2\/posts"}],"about":[{"href":"https:\/\/www.caririemacao.com\/1\/wp-json\/wp\/v2\/types\/post"}],"author":[{"embeddable":true,"href":"https:\/\/www.caririemacao.com\/1\/wp-json\/wp\/v2\/users\/2"}],"replies":[{"embeddable":true,"href":"https:\/\/www.caririemacao.com\/1\/wp-json\/wp\/v2\/comments?post=53592"}],"version-history":[{"count":0,"href":"https:\/\/www.caririemacao.com\/1\/wp-json\/wp\/v2\/posts\/53592\/revisions"}],"wp:featuredmedia":[{"embeddable":true,"href":"https:\/\/www.caririemacao.com\/1\/wp-json\/wp\/v2\/media\/47124"}],"wp:attachment":[{"href":"https:\/\/www.caririemacao.com\/1\/wp-json\/wp\/v2\/media?parent=53592"}],"wp:term":[{"taxonomy":"category","embeddable":true,"href":"https:\/\/www.caririemacao.com\/1\/wp-json\/wp\/v2\/categories?post=53592"},{"taxonomy":"post_tag","embeddable":true,"href":"https:\/\/www.caririemacao.com\/1\/wp-json\/wp\/v2\/tags?post=53592"}],"curies":[{"name":"wp","href":"https:\/\/api.w.org\/{rel}","templated":true}]}}