{"id":53595,"date":"2018-06-07T23:00:06","date_gmt":"2018-06-08T02:00:06","guid":{"rendered":"http:\/\/caririemacao.com\/1\/?p=53595"},"modified":"2018-06-07T23:00:06","modified_gmt":"2018-06-08T02:00:06","slug":"tre-da-inicio-a-alistamento-de-quem-pretende-ser-mesario-nas-eleicoes-na-paraiba","status":"publish","type":"post","link":"https:\/\/www.caririemacao.com\/1\/2018\/06\/07\/tre-da-inicio-a-alistamento-de-quem-pretende-ser-mesario-nas-eleicoes-na-paraiba\/","title":{"rendered":"TRE d\u00e1 in\u00edcio a alistamento de quem pretende ser mes\u00e1rio nas elei\u00e7\u00f5es na Para\u00edba"},"content":{"rendered":"<div class=\"noticiacorpo\">\n<p>O Tribunal Regional Eleitoral da Para\u00edba (TRE-PB) abriu as inscri\u00e7\u00f5es para volunt\u00e1rios que desejam trabalhar nas Elei\u00e7\u00f5es Gerais de 2018. O eleitor interessado tem a op\u00e7\u00e3o de escolher em participar do apoio log\u00edstico ou na fun\u00e7\u00e3o de mes\u00e1rio. A iniciativa visa a ampliar o n\u00famero de colaboradores com a Justi\u00e7a Eleitoral, de forma consciente e espont\u00e2nea.<\/p>\n<p>O apoio log\u00edstico aos trabalhos eleitorais nas elei\u00e7\u00f5es deste ano ser\u00e1 uma inova\u00e7\u00e3o. Os volunt\u00e1rios atuar\u00e3o em fases distintas do processo, como a prepara\u00e7\u00e3o de urnas e suporte durante a vota\u00e7\u00e3o e transmiss\u00e3o de resultados. A inscri\u00e7\u00e3o do eleitor para apoio log\u00edstico volunt\u00e1rio n\u00e3o garante a convoca\u00e7\u00e3o pela Justi\u00e7a Eleitoral. A nomea\u00e7\u00e3o ser\u00e1 confirmada oportunamente, no per\u00edodo de 6 (seis) de julho e 8 (oito) de agosto, ap\u00f3s verificados os impedimentos previstos na legisla\u00e7\u00e3o eleitoral vigente.<\/p>\n<p>A fun\u00e7\u00e3o desempenhada pelos mes\u00e1rios \u00e9 considerada de fundamental import\u00e2ncia, uma vez que o trabalho deles garante o funcionamento normal das se\u00e7\u00f5es elei\u00e7\u00f5es durante o pleito. Entre as fun\u00e7\u00f5es que podem ser desenvolvidas pelos mes\u00e1rios no dia da elei\u00e7\u00e3o, est\u00e3o: presidente da Mesa Receptora de Votos e de Justificativas, 1\u00ba ou 2\u00ba mes\u00e1rio, 1\u00ba secret\u00e1rio e suplente. Os mes\u00e1rios ser\u00e3o nomeados pelo Juiz Eleitoral, convocados por meio de edital at\u00e9 60 (sessenta) dias antes do pleito e receber\u00e3o instru\u00e7\u00f5es sobre local e hor\u00e1rio para se apresentarem.<\/p>\n<p>BENEF\u00cdCIOS<\/p>\n<p>O servi\u00e7o prestado pelo volunt\u00e1rio n\u00e3o gera remunera\u00e7\u00e3o, mas d\u00e1 direito a\u00a0aux\u00edlio-alimenta\u00e7\u00e3o no 1\u00ba turno e, se houver, no 2\u00ba turno das elei\u00e7\u00f5es\u00a0e a dois dias de folga para cada dia em que trabalhar nas elei\u00e7\u00f5es e participar dos treinamentos ministrados pela Justi\u00e7a Eleitoral para o exerc\u00edcio da fun\u00e7\u00e3o.<\/p>\n<p>INSCRI\u00c7\u00c3O<\/p>\n<p>A participa\u00e7\u00e3o volunt\u00e1ria no processo eleitoral \u00e9 permitida, obedecendo aos requisitos exigidos no C\u00f3digo Eleitoral (Lei n\u00ba 4.737\/1965). O eleitor tem a oportunidade de se envolver diretamente no processo democr\u00e1tico de escolha dos representantes do Pa\u00eds. Os interessados podem se inscrever nos cart\u00f3rios eleitorais de suas cidades ou preencher um cadastro no site do TRE-PB clicando\u00a0<a class=\"external-link\" title=\"aqui\" href=\"http:\/\/www.tre-pb.jus.br\/eleicoes\/voluntarios\" target=\"_blank\" rel=\"noopener\">aqui<\/a>.<\/p>\n<p><strong>CARIRI EM A\u00c7\u00c3O<\/strong><\/p>\n<p>Com Para\u00edba.com\/Foto: Reprodu\u00e7\u00e3o Internet<\/p>\n<p>Leia mais not\u00edcias em\u00a0<a href=\"http:\/\/www.caririemacao.com\/\">caririemacao.com<\/a>, siga nossa p\u00e1gina no\u00a0<a href=\"https:\/\/www.facebook.com\/CaririEmAcao\/?ref=aymt_homepage_panel\">Facebook<\/a>,\u00a0<a href=\"https:\/\/www.instagram.com\/cariri_em_acao\/?hl=pt-br\">Instagram<\/a>\u00a0e\u00a0<a href=\"https:\/\/www.youtube.com\/channel\/UCAptA0jQuYQy8vMhLt2m4qg\">Youtube<\/a>\u00a0e veja nossas mat\u00e9rias, v\u00eddeos e fotos. Voc\u00ea tamb\u00e9m pode enviar informa\u00e7\u00f5es \u00e0 Reda\u00e7\u00e3o do Portal Cariri em A\u00e7\u00e3o pelo WhatsApp (83) 9 9634.5791, (83) 9 9601-1162.<\/p>\n<\/div>\n","protected":false},"excerpt":{"rendered":"<p>O Tribunal Regional Eleitoral da Para\u00edba (TRE-PB) abriu as inscri\u00e7\u00f5es para volunt\u00e1rios que desejam trabalhar nas Elei\u00e7\u00f5es Gerais de 2018. O eleitor interessado tem a&hellip; <\/p>\n","protected":false},"author":2,"featured_media":25063,"comment_status":"closed","ping_status":"closed","sticky":false,"template":"","format":"standard","meta":{"sfsi_plus_gutenberg_text_before_share":"","sfsi_plus_gutenberg_show_text_before_share":"","sfsi_plus_gutenberg_icon_type":"","sfsi_plus_gutenberg_icon_alignemt":"","sfsi_plus_gutenburg_max_per_row":"","footnotes":""},"categories":[2],"tags":[],"class_list":["post-53595","post","type-post","status-publish","format-standard","has-post-thumbnail","hentry","category-geral"],"_links":{"self":[{"href":"https:\/\/www.caririemacao.com\/1\/wp-json\/wp\/v2\/posts\/53595","targetHints":{"allow":["GET"]}}],"collection":[{"href":"https:\/\/www.caririemacao.com\/1\/wp-json\/wp\/v2\/posts"}],"about":[{"href":"https:\/\/www.caririemacao.com\/1\/wp-json\/wp\/v2\/types\/post"}],"author":[{"embeddable":true,"href":"https:\/\/www.caririemacao.com\/1\/wp-json\/wp\/v2\/users\/2"}],"replies":[{"embeddable":true,"href":"https:\/\/www.caririemacao.com\/1\/wp-json\/wp\/v2\/comments?post=53595"}],"version-history":[{"count":0,"href":"https:\/\/www.caririemacao.com\/1\/wp-json\/wp\/v2\/posts\/53595\/revisions"}],"wp:featuredmedia":[{"embeddable":true,"href":"https:\/\/www.caririemacao.com\/1\/wp-json\/wp\/v2\/media\/25063"}],"wp:attachment":[{"href":"https:\/\/www.caririemacao.com\/1\/wp-json\/wp\/v2\/media?parent=53595"}],"wp:term":[{"taxonomy":"category","embeddable":true,"href":"https:\/\/www.caririemacao.com\/1\/wp-json\/wp\/v2\/categories?post=53595"},{"taxonomy":"post_tag","embeddable":true,"href":"https:\/\/www.caririemacao.com\/1\/wp-json\/wp\/v2\/tags?post=53595"}],"curies":[{"name":"wp","href":"https:\/\/api.w.org\/{rel}","templated":true}]}}