{"id":53597,"date":"2018-06-07T23:02:45","date_gmt":"2018-06-08T02:02:45","guid":{"rendered":"http:\/\/caririemacao.com\/1\/?p=53597"},"modified":"2018-06-07T23:02:45","modified_gmt":"2018-06-08T02:02:45","slug":"em-video-de-lancamento-pt-usa-lula-livre-como-jingle-de-campanha","status":"publish","type":"post","link":"https:\/\/www.caririemacao.com\/1\/2018\/06\/07\/em-video-de-lancamento-pt-usa-lula-livre-como-jingle-de-campanha\/","title":{"rendered":"Em v\u00eddeo de lan\u00e7amento, PT usa &#8216;Lula livre&#8217; como jingle de campanha"},"content":{"rendered":"<p><span class=\"news_capital_letter\">N<\/span>a v\u00e9spera do ato de lan\u00e7amento da pr\u00e9-candidatura presidencial de Lula, o PT divulga o primeiro v\u00eddeo e o jingle da pr\u00e9-campanha do petista ao Pal\u00e1cio do Planalto.<\/p>\n<p>No filme, que re\u00fane imagens das caravanas de Lula pelo pa\u00eds, amarra duas campanhas: a da Presid\u00eancia e pela soltura do petista.<\/p>\n<p>&#8220;Olha l\u00e1, uma ideia ningu\u00e9m pode aprisionar, um sonho cada vez mais livre, acesa a esperan\u00e7a vive, olha Lula l\u00e1&#8221;, diz a m\u00fasica.<\/p>\n<p>A produ\u00e7\u00e3o de pouco mais de um minuto reuniu frases do discurso do petista antes de ser preso, no Sindicato dos Metal\u00fargicos, como a que o ex-presidente diz que &#8220;os poderosos podem matar uma, duas ou tr\u00eas rosas, mas jamais poder\u00e3o deter a chegada da primavera&#8221;.<\/p>\n<p><iframe style=\"border: none; overflow: hidden;\" data-src=\"https:\/\/www.facebook.com\/plugins\/video.php?href=https%3A%2F%2Fwww.facebook.com%2Fpt.brasil%2Fvideos%2F1772684439484590%2F&amp;show_text=0&amp;width=560\" width=\"560\" height=\"315\" frameborder=\"0\" scrolling=\"no\" allowfullscreen=\"allowfullscreen\" src=\"data:image\/svg+xml;base64,PHN2ZyB3aWR0aD0iMSIgaGVpZ2h0PSIxIiB4bWxucz0iaHR0cDovL3d3dy53My5vcmcvMjAwMC9zdmciPjwvc3ZnPg==\" class=\"lazyload\" data-load-mode=\"1\"><\/iframe><\/p>\n<p><strong>CARIRI EM A\u00c7\u00c3O<\/strong><\/p>\n<p>Com Not\u00edcias ao minuto\/Foto: Reprodu\u00e7\u00e3o Internet<\/p>\n<p>Leia mais not\u00edcias em\u00a0<a href=\"http:\/\/www.caririemacao.com\/\">caririemacao.com<\/a>, siga nossa p\u00e1gina no\u00a0<a href=\"https:\/\/www.facebook.com\/CaririEmAcao\/?ref=aymt_homepage_panel\">Facebook<\/a>,\u00a0<a href=\"https:\/\/www.instagram.com\/cariri_em_acao\/?hl=pt-br\">Instagram<\/a>\u00a0e\u00a0<a href=\"https:\/\/www.youtube.com\/channel\/UCAptA0jQuYQy8vMhLt2m4qg\">Youtube<\/a>\u00a0e veja nossas mat\u00e9rias, v\u00eddeos e fotos. Voc\u00ea tamb\u00e9m pode enviar informa\u00e7\u00f5es \u00e0 Reda\u00e7\u00e3o do Portal Cariri em A\u00e7\u00e3o pelo WhatsApp (83) 9 9634.5791, (83) 9 9601-1162.<\/p>\n","protected":false},"excerpt":{"rendered":"<p>Na v\u00e9spera do ato de lan\u00e7amento da pr\u00e9-candidatura presidencial de Lula, o PT divulga o primeiro v\u00eddeo e o jingle da pr\u00e9-campanha do petista ao&hellip; <\/p>\n","protected":false},"author":2,"featured_media":39417,"comment_status":"closed","ping_status":"closed","sticky":false,"template":"","format":"standard","meta":{"sfsi_plus_gutenberg_text_before_share":"","sfsi_plus_gutenberg_show_text_before_share":"","sfsi_plus_gutenberg_icon_type":"","sfsi_plus_gutenberg_icon_alignemt":"","sfsi_plus_gutenburg_max_per_row":"","footnotes":""},"categories":[1],"tags":[],"class_list":["post-53597","post","type-post","status-publish","format-standard","has-post-thumbnail","hentry","category-o-site"],"_links":{"self":[{"href":"https:\/\/www.caririemacao.com\/1\/wp-json\/wp\/v2\/posts\/53597","targetHints":{"allow":["GET"]}}],"collection":[{"href":"https:\/\/www.caririemacao.com\/1\/wp-json\/wp\/v2\/posts"}],"about":[{"href":"https:\/\/www.caririemacao.com\/1\/wp-json\/wp\/v2\/types\/post"}],"author":[{"embeddable":true,"href":"https:\/\/www.caririemacao.com\/1\/wp-json\/wp\/v2\/users\/2"}],"replies":[{"embeddable":true,"href":"https:\/\/www.caririemacao.com\/1\/wp-json\/wp\/v2\/comments?post=53597"}],"version-history":[{"count":0,"href":"https:\/\/www.caririemacao.com\/1\/wp-json\/wp\/v2\/posts\/53597\/revisions"}],"wp:featuredmedia":[{"embeddable":true,"href":"https:\/\/www.caririemacao.com\/1\/wp-json\/wp\/v2\/media\/39417"}],"wp:attachment":[{"href":"https:\/\/www.caririemacao.com\/1\/wp-json\/wp\/v2\/media?parent=53597"}],"wp:term":[{"taxonomy":"category","embeddable":true,"href":"https:\/\/www.caririemacao.com\/1\/wp-json\/wp\/v2\/categories?post=53597"},{"taxonomy":"post_tag","embeddable":true,"href":"https:\/\/www.caririemacao.com\/1\/wp-json\/wp\/v2\/tags?post=53597"}],"curies":[{"name":"wp","href":"https:\/\/api.w.org\/{rel}","templated":true}]}}