{"id":53599,"date":"2018-06-07T23:07:34","date_gmt":"2018-06-08T02:07:34","guid":{"rendered":"http:\/\/caririemacao.com\/1\/?p=53599"},"modified":"2018-06-07T23:07:34","modified_gmt":"2018-06-08T02:07:34","slug":"ex-presidente-do-psc-teria-pago-prostitutas-com-fundo-partidario","status":"publish","type":"post","link":"https:\/\/www.caririemacao.com\/1\/2018\/06\/07\/ex-presidente-do-psc-teria-pago-prostitutas-com-fundo-partidario\/","title":{"rendered":"Ex-presidente do PSC teria pago prostitutas com fundo partid\u00e1rio"},"content":{"rendered":"<div class=\"row news-info-container no-margin\">\n<div class=\"col-lg-6 col-md-6 col-sm-6 col-xs-12 no-padding\">\n<p class=\"news-info-tag\"><span class=\"news_capital_letter\">O\u00a0<\/span>Minist\u00e9rio P\u00fablico de Minas Gerais investiga se o ex-presidente e fundador do Partido Social Crist\u00e3o (PSC), Vitor Jorge Abdala N\u00f3sseis, usou dinheiro do fundo partid\u00e1rio para pagar pelos servi\u00e7os de prostitutas. De acordo com o inqu\u00e9rito, os pagamentos teriam sa\u00eddo da Funda\u00e7\u00e3o Instituto Pedro Aleixo (Fipa), financiada pelo fundo partid\u00e1rio e vinculada ao PSC at\u00e9 o ano passado.<\/p>\n<\/div>\n<\/div>\n<div class=\"row news-main-text-container\">\n<div class=\"col-lg-12 col-md-12 col-sm-12 col-xs-12\">\n<div class=\"news-main-text\">\n<p>Em \u00e1udio divulgado pelo jornal O Globo, N\u00f3sseis comenta a acusa\u00e7\u00e3o. &#8220;Eu t\u00f4 vendo uma fofoca. Diz que eu dei dinheiro, n\u00e9? Eu dei dinheiro da funda\u00e7\u00e3o para comer as puta. Conversa dela. Falei assim: &#8216;Dei mesmo, e comi. Qual o problema? E agora? Vai fazer o que comigo?&#8217; Dei, mas elas se formaram. Recuperei elas todas pra vida. Voc\u00ea v\u00ea: a Samanta \u00e9 uma mesmo. A Keila \u00e9 outra. Tem umas tr\u00eas l\u00e1 na Europa. J\u00e1 viraram, tudo virou gente. Formaram-se, tem mais de vinte&#8221;, teria dito.<\/p>\n<p>Em defesa, N\u00f3sseis diz que a grava\u00e7\u00e3o \u00e9 clandestina e ap\u00f3crifa e que teria sido manipulada pelo atual presidente do PSC, pastor Everaldo, como uma esp\u00e9cie de vingan\u00e7a pelo fato de o ex-presidente ter apresentado den\u00fancias contra a sigla em 2015.<\/p>\n<\/div>\n<\/div>\n<\/div>\n<p><strong>CARIRI EM A\u00c7\u00c3O<\/strong><\/p>\n<p>Com Not\u00edcias ao minuto\/Foto: Reprodu\u00e7\u00e3o Internet<\/p>\n<p>Leia mais not\u00edcias em\u00a0<a href=\"http:\/\/www.caririemacao.com\/\">caririemacao.com<\/a>, siga nossa p\u00e1gina no\u00a0<a href=\"https:\/\/www.facebook.com\/CaririEmAcao\/?ref=aymt_homepage_panel\">Facebook<\/a>,\u00a0<a href=\"https:\/\/www.instagram.com\/cariri_em_acao\/?hl=pt-br\">Instagram<\/a>\u00a0e\u00a0<a href=\"https:\/\/www.youtube.com\/channel\/UCAptA0jQuYQy8vMhLt2m4qg\">Youtube<\/a>\u00a0e veja nossas mat\u00e9rias, v\u00eddeos e fotos. Voc\u00ea tamb\u00e9m pode enviar informa\u00e7\u00f5es \u00e0 Reda\u00e7\u00e3o do Portal Cariri em A\u00e7\u00e3o pelo WhatsApp (83) 9 9634.5791, (83) 9 9601-1162.<\/p>\n","protected":false},"excerpt":{"rendered":"<p>O\u00a0Minist\u00e9rio P\u00fablico de Minas Gerais investiga se o ex-presidente e fundador do Partido Social Crist\u00e3o (PSC), Vitor Jorge Abdala N\u00f3sseis, usou dinheiro do fundo partid\u00e1rio&hellip; <\/p>\n","protected":false},"author":2,"featured_media":53600,"comment_status":"closed","ping_status":"closed","sticky":false,"template":"","format":"standard","meta":{"sfsi_plus_gutenberg_text_before_share":"","sfsi_plus_gutenberg_show_text_before_share":"","sfsi_plus_gutenberg_icon_type":"","sfsi_plus_gutenberg_icon_alignemt":"","sfsi_plus_gutenburg_max_per_row":"","footnotes":""},"categories":[2],"tags":[],"class_list":["post-53599","post","type-post","status-publish","format-standard","has-post-thumbnail","hentry","category-geral"],"_links":{"self":[{"href":"https:\/\/www.caririemacao.com\/1\/wp-json\/wp\/v2\/posts\/53599","targetHints":{"allow":["GET"]}}],"collection":[{"href":"https:\/\/www.caririemacao.com\/1\/wp-json\/wp\/v2\/posts"}],"about":[{"href":"https:\/\/www.caririemacao.com\/1\/wp-json\/wp\/v2\/types\/post"}],"author":[{"embeddable":true,"href":"https:\/\/www.caririemacao.com\/1\/wp-json\/wp\/v2\/users\/2"}],"replies":[{"embeddable":true,"href":"https:\/\/www.caririemacao.com\/1\/wp-json\/wp\/v2\/comments?post=53599"}],"version-history":[{"count":0,"href":"https:\/\/www.caririemacao.com\/1\/wp-json\/wp\/v2\/posts\/53599\/revisions"}],"wp:featuredmedia":[{"embeddable":true,"href":"https:\/\/www.caririemacao.com\/1\/wp-json\/wp\/v2\/media\/53600"}],"wp:attachment":[{"href":"https:\/\/www.caririemacao.com\/1\/wp-json\/wp\/v2\/media?parent=53599"}],"wp:term":[{"taxonomy":"category","embeddable":true,"href":"https:\/\/www.caririemacao.com\/1\/wp-json\/wp\/v2\/categories?post=53599"},{"taxonomy":"post_tag","embeddable":true,"href":"https:\/\/www.caririemacao.com\/1\/wp-json\/wp\/v2\/tags?post=53599"}],"curies":[{"name":"wp","href":"https:\/\/api.w.org\/{rel}","templated":true}]}}