{"id":53602,"date":"2018-06-07T23:11:16","date_gmt":"2018-06-08T02:11:16","guid":{"rendered":"http:\/\/caririemacao.com\/1\/?p=53602"},"modified":"2018-06-07T23:11:52","modified_gmt":"2018-06-08T02:11:52","slug":"justica-proibe-michel-temer-de-transferir-verba-social-para-publicidade","status":"publish","type":"post","link":"https:\/\/www.caririemacao.com\/1\/2018\/06\/07\/justica-proibe-michel-temer-de-transferir-verba-social-para-publicidade\/","title":{"rendered":"Justi\u00e7a pro\u00edbe Michel Temer de transferir verba social para publicidade"},"content":{"rendered":"<p class=\" \" style=\"text-align: left;\">Michel Temer (MDB) foi proibido pela Justi\u00e7a Federal do Distrito Federal de transferir verbas originalmente destinadas a \u00e1reas sociais para a propaganda oficial do governo. O juiz Renato Borelli, que foi quem proferiu a decis\u00e3o, atendeu a uma a\u00e7\u00e3o popular movida pelos deputados federais do PSOL, que questionaram a legitimidade da medida do governo.<\/p>\n<p>Embora o or\u00e7amento de 2018 j\u00e1 tivesse previsto R$ 84 milh\u00f5es para a publicidade de\u00a0<strong>Michel Temer<\/strong>\u00a0, o mandat\u00e1rio emedebista considerou o valor baixo, e por meio da Portaria n\u00famero 75 do Minist\u00e9rio do Planejamento determinou que R$ 203 milh\u00f5es do or\u00e7amento de \u00e1reas sociais seriam transferidos para a comunica\u00e7\u00e3o oficial do governo.<\/p>\n<p>Caso fosse levada a cabo, a transfer\u00eancia impactaria nas verbas de pol\u00edticas de igualdade e enfrentamento \u00e0 viol\u00eancia contra a mulher, de assist\u00eancia t\u00e9cnica para a agricultura familiar, do financiamento do SUS e dos transportes p\u00fablicos, da seguran\u00e7a alimentar e nutricional e da promo\u00e7\u00e3o da educa\u00e7\u00e3o no campo.<\/p>\n<p>Na a\u00e7\u00e3o, o\u00a0<strong>PSOL<\/strong>\u00a0argumentou que\u00a0a portaria que \u201cremanejou recursos para a comunica\u00e7\u00e3o institucional da Presid\u00eancia da Rep\u00fablica visa n\u00e3o a gerar garantia de transpar\u00eancia da administra\u00e7\u00e3o p\u00fablica, ou do direito \u00e0 informa\u00e7\u00e3o, mas a realizar propaganda do governo com finalidade de aumentar a for\u00e7a eleitoral do atual ocupante do cargo de Presidente da Rep\u00fablica\u201d.<\/p>\n<p>Para o juiz, o ato do governo Temer fere a confian\u00e7a atribu\u00edda pelos cidad\u00e3os ao governo, \u201crestando demonstrada a inefici\u00eancia na aloca\u00e7\u00e3o de recursos p\u00fablicos, uma vez que enfraquece programas fundamentais em prol da promo\u00e7\u00e3o do governo em ano eleitoral\u201d.<\/p>\n<p>\u201cO atuar de um gestor deve se pautar na lealdade e na boa-f\u00e9. Ao contr\u00e1rio, quando age em desconformidade com tais pilares, tem-se presente a viola\u00e7\u00e3o do ordenamento jur\u00eddico, a merecer, portanto, a devida corre\u00e7\u00e3o\u201d, concluiu o juiz na decis\u00e3o que barrou a portaria de\u00a0Michel Temer\u00a0.<\/p>\n<p><strong>CARIRI EM A\u00c7\u00c3O<\/strong><\/p>\n<p>Com \u00daltimo Segundo\/Foto: Reprodu\u00e7\u00e3o Internet<\/p>\n<p>Leia mais not\u00edcias em\u00a0<a href=\"http:\/\/www.caririemacao.com\/\">caririemacao.com<\/a>, siga nossa p\u00e1gina no\u00a0<a href=\"https:\/\/www.facebook.com\/CaririEmAcao\/?ref=aymt_homepage_panel\">Facebook<\/a>,\u00a0<a href=\"https:\/\/www.instagram.com\/cariri_em_acao\/?hl=pt-br\">Instagram<\/a>\u00a0e\u00a0<a href=\"https:\/\/www.youtube.com\/channel\/UCAptA0jQuYQy8vMhLt2m4qg\">Youtube<\/a>\u00a0e veja nossas mat\u00e9rias, v\u00eddeos e fotos. Voc\u00ea tamb\u00e9m pode enviar informa\u00e7\u00f5es \u00e0 Reda\u00e7\u00e3o do Portal Cariri em A\u00e7\u00e3o pelo WhatsApp (83) 9 9634.5791, (83) 9 9601-1162.<\/p>\n","protected":false},"excerpt":{"rendered":"<p>Michel Temer (MDB) foi proibido pela Justi\u00e7a Federal do Distrito Federal de transferir verbas originalmente destinadas a \u00e1reas sociais para a propaganda oficial do governo.&hellip; <\/p>\n","protected":false},"author":2,"featured_media":22730,"comment_status":"closed","ping_status":"closed","sticky":false,"template":"","format":"standard","meta":{"sfsi_plus_gutenberg_text_before_share":"","sfsi_plus_gutenberg_show_text_before_share":"","sfsi_plus_gutenberg_icon_type":"","sfsi_plus_gutenberg_icon_alignemt":"","sfsi_plus_gutenburg_max_per_row":"","footnotes":""},"categories":[2],"tags":[],"class_list":["post-53602","post","type-post","status-publish","format-standard","has-post-thumbnail","hentry","category-geral"],"_links":{"self":[{"href":"https:\/\/www.caririemacao.com\/1\/wp-json\/wp\/v2\/posts\/53602","targetHints":{"allow":["GET"]}}],"collection":[{"href":"https:\/\/www.caririemacao.com\/1\/wp-json\/wp\/v2\/posts"}],"about":[{"href":"https:\/\/www.caririemacao.com\/1\/wp-json\/wp\/v2\/types\/post"}],"author":[{"embeddable":true,"href":"https:\/\/www.caririemacao.com\/1\/wp-json\/wp\/v2\/users\/2"}],"replies":[{"embeddable":true,"href":"https:\/\/www.caririemacao.com\/1\/wp-json\/wp\/v2\/comments?post=53602"}],"version-history":[{"count":0,"href":"https:\/\/www.caririemacao.com\/1\/wp-json\/wp\/v2\/posts\/53602\/revisions"}],"wp:featuredmedia":[{"embeddable":true,"href":"https:\/\/www.caririemacao.com\/1\/wp-json\/wp\/v2\/media\/22730"}],"wp:attachment":[{"href":"https:\/\/www.caririemacao.com\/1\/wp-json\/wp\/v2\/media?parent=53602"}],"wp:term":[{"taxonomy":"category","embeddable":true,"href":"https:\/\/www.caririemacao.com\/1\/wp-json\/wp\/v2\/categories?post=53602"},{"taxonomy":"post_tag","embeddable":true,"href":"https:\/\/www.caririemacao.com\/1\/wp-json\/wp\/v2\/tags?post=53602"}],"curies":[{"name":"wp","href":"https:\/\/api.w.org\/{rel}","templated":true}]}}