{"id":53605,"date":"2018-06-07T23:16:13","date_gmt":"2018-06-08T02:16:13","guid":{"rendered":"http:\/\/caririemacao.com\/1\/?p=53605"},"modified":"2018-06-07T23:16:13","modified_gmt":"2018-06-08T02:16:13","slug":"professores-do-cariri-sao-selecionados-no-resultado-final-do-gira-mundo-israel","status":"publish","type":"post","link":"https:\/\/www.caririemacao.com\/1\/2018\/06\/07\/professores-do-cariri-sao-selecionados-no-resultado-final-do-gira-mundo-israel\/","title":{"rendered":"Professores do Cariri s\u00e3o selecionados no resultado final do Gira Mundo Israel"},"content":{"rendered":"<div class=\"mc-column mc-side-item__container\" data-block-type=\"ads\" data-block-id=\"0\">\n<div class=\"mc-side-item mc-side-item--right content-ads content-ads--side-ad\">O resultado final dos selecionados para o Gira Mundo Israel foi divulgado nesta quinta-feira (7). O programa \u00e9 uma capacita\u00e7\u00e3o que ser\u00e1 realizada em Israel para professores da Rede Estadual de Ensino da Para\u00edba que atuam na regi\u00e3o do Semi\u00e1rido.<\/div>\n<\/div>\n<div class=\"wall\">\n<div class=\"mc-column content-text active-extra-styles\" data-block-type=\"raw\" data-block-weight=\"9\" data-block-id=\"2\">\n<ul class=\"content-unordered-list\">\n<li><a href=\"http:\/\/fapesq.rpp.br\/editais-resultados\/edital-gira-mundo-israel-2018-resultado-final-apos-recursos\" target=\"_blank\" rel=\"noopener\">Confira a lista dos selecionados do Gira Mundo Israel<\/a><\/li>\n<\/ul>\n<\/div>\n<div class=\"mc-column content-text active-extra-styles \" data-block-type=\"unstyled\" data-block-weight=\"44\" data-block-id=\"3\">\n<p class=\"content-text__container \" data-track-category=\"Link no Texto\" data-track-links=\"\">Foram selecionados 20 professores da Para\u00edba que submeteram projetos inovadores nas \u00e1reas de Energias Renov\u00e1veis, Agricultura Sustent\u00e1vel, Manejo de \u00c1gua e Irriga\u00e7\u00e3o e Constru\u00e7\u00f5es Naturais. A programa\u00e7\u00e3o \u00e9 que os professores passem um m\u00eas no Kibbutz Lotan Green no sul do Estado de Israel.<\/p>\n<\/div>\n<div class=\"mc-column content-text active-extra-styles \" data-block-type=\"unstyled\" data-block-weight=\"37\" data-block-id=\"4\">\n<p class=\"content-text__container \" data-track-category=\"Link no Texto\" data-track-links=\"\">As atividades em Israel ser\u00e3o desenvolvidas durante todo o m\u00eas de agosto de 2018. Em dezembro deste ano, os professores apresentar\u00e3o o Semin\u00e1rio Final das atividades desenvolvidas em Israel, em mais um ciclo bem sucedido de capacita\u00e7\u00e3o.<\/p>\n<\/div>\n<\/div>\n<div data-track-category=\"fim do conteudo\" data-track-action=\"ultimo chunk conteudo\" data-track-noninteraction=\"false\" data-track-scroll=\"entrada completa viewport\">\n<div class=\"mc-column content-text active-extra-styles \" data-block-type=\"unstyled\" data-block-weight=\"48\" data-block-id=\"5\">\n<p class=\"content-text__container \" data-track-category=\"Link no Texto\" data-track-links=\"\">Os professores representam uma importante regi\u00e3o do estado e s\u00e3o oriundos de escolas dos munic\u00edpios de Boa Ventura,<strong>Camala\u00fa,<\/strong>\u00a0Cajazeiras, Campina Grande, Catol\u00e9 do Rocha,\u00a0<strong>Congo<\/strong>, Cuit\u00e9, Ibiara, Nova Floresta, Patos,\u00a0<strong>Prata<\/strong>, Puxinan\u00e3,\u00a0<strong>S\u00e3o Jo\u00e3o do Cariri<\/strong>, S\u00e3o Jo\u00e3o do Rio do Peixe,\u00a0<strong>Serra Branca, Sum\u00e9 e Umbuzeiro.<\/strong><\/p>\n<\/div>\n<\/div>\n<p><strong>CARIRI EM A\u00c7\u00c3O<\/strong><\/p>\n<p>Com Assessoria\/Foto: Reprodu\u00e7\u00e3o<\/p>\n<p>Leia mais not\u00edcias em\u00a0<a href=\"http:\/\/www.caririemacao.com\/\">caririemacao.com<\/a>, siga nossa p\u00e1gina no\u00a0<a href=\"https:\/\/www.facebook.com\/CaririEmAcao\/?ref=aymt_homepage_panel\">Facebook<\/a>,\u00a0<a href=\"https:\/\/www.instagram.com\/cariri_em_acao\/?hl=pt-br\">Instagram<\/a>\u00a0e\u00a0<a href=\"https:\/\/www.youtube.com\/channel\/UCAptA0jQuYQy8vMhLt2m4qg\">Youtube<\/a>\u00a0e veja nossas mat\u00e9rias, v\u00eddeos e fotos. Voc\u00ea tamb\u00e9m pode enviar informa\u00e7\u00f5es \u00e0 Reda\u00e7\u00e3o do Portal Cariri em A\u00e7\u00e3o pelo WhatsApp (83) 9 9634.5791, (83) 9 9601-1162.<\/p>\n","protected":false},"excerpt":{"rendered":"<p>O resultado final dos selecionados para o Gira Mundo Israel foi divulgado nesta quinta-feira (7). O programa \u00e9 uma capacita\u00e7\u00e3o que ser\u00e1 realizada em Israel&hellip; <\/p>\n","protected":false},"author":2,"featured_media":53606,"comment_status":"closed","ping_status":"closed","sticky":false,"template":"","format":"standard","meta":{"sfsi_plus_gutenberg_text_before_share":"","sfsi_plus_gutenberg_show_text_before_share":"","sfsi_plus_gutenberg_icon_type":"","sfsi_plus_gutenberg_icon_alignemt":"","sfsi_plus_gutenburg_max_per_row":"","footnotes":""},"categories":[14],"tags":[],"class_list":["post-53605","post","type-post","status-publish","format-standard","has-post-thumbnail","hentry","category-educacao"],"_links":{"self":[{"href":"https:\/\/www.caririemacao.com\/1\/wp-json\/wp\/v2\/posts\/53605","targetHints":{"allow":["GET"]}}],"collection":[{"href":"https:\/\/www.caririemacao.com\/1\/wp-json\/wp\/v2\/posts"}],"about":[{"href":"https:\/\/www.caririemacao.com\/1\/wp-json\/wp\/v2\/types\/post"}],"author":[{"embeddable":true,"href":"https:\/\/www.caririemacao.com\/1\/wp-json\/wp\/v2\/users\/2"}],"replies":[{"embeddable":true,"href":"https:\/\/www.caririemacao.com\/1\/wp-json\/wp\/v2\/comments?post=53605"}],"version-history":[{"count":0,"href":"https:\/\/www.caririemacao.com\/1\/wp-json\/wp\/v2\/posts\/53605\/revisions"}],"wp:featuredmedia":[{"embeddable":true,"href":"https:\/\/www.caririemacao.com\/1\/wp-json\/wp\/v2\/media\/53606"}],"wp:attachment":[{"href":"https:\/\/www.caririemacao.com\/1\/wp-json\/wp\/v2\/media?parent=53605"}],"wp:term":[{"taxonomy":"category","embeddable":true,"href":"https:\/\/www.caririemacao.com\/1\/wp-json\/wp\/v2\/categories?post=53605"},{"taxonomy":"post_tag","embeddable":true,"href":"https:\/\/www.caririemacao.com\/1\/wp-json\/wp\/v2\/tags?post=53605"}],"curies":[{"name":"wp","href":"https:\/\/api.w.org\/{rel}","templated":true}]}}