{"id":53608,"date":"2018-06-07T23:17:52","date_gmt":"2018-06-08T02:17:52","guid":{"rendered":"http:\/\/caririemacao.com\/1\/?p=53608"},"modified":"2018-06-07T23:17:52","modified_gmt":"2018-06-08T02:17:52","slug":"mulher-que-matou-o-marido-e-assassinada-a-tiros-em-emboscada-na-zona-rural-de-taperoa","status":"publish","type":"post","link":"https:\/\/www.caririemacao.com\/1\/2018\/06\/07\/mulher-que-matou-o-marido-e-assassinada-a-tiros-em-emboscada-na-zona-rural-de-taperoa\/","title":{"rendered":"Mulher que matou o marido \u00e9 assassinada a tiros em emboscada na zona rural de Tapero\u00e1"},"content":{"rendered":"<p>Aparecida Vilar, foi\u00a0assassinada a tiros por volta das 11h50\u00a0desta quinta-feira (7) em uma estrada\u00a0vicinal da\u00a0 comunidade rural Santa Maria na cidade de Tapero\u00e1.\u00a0Cida havia matado a tiros o seu pr\u00f3prio\u00a0marido, Kleber, crime\u00a0ocorrido no dia 6 de maio no s\u00edtio Laje\u00a0Vermelha, durante uma briga entre o\u00a0casal.<\/p>\n<p>Presa em flagrante, ela passou alguns\u00a0dias por tr\u00e1s das grades, mas no dia 12\u00a0do mesmo m\u00eas, foi liberada pela Justi\u00e7a<br \/>\ne passou a responder em liberdade.\u00a0De acordo com informa\u00e7\u00f5es colhidas nesta quinta-feira,\u00a0ela teria vindo \u00e0 cidade assinar\u00a0justamente um termo perante a Justi\u00e7a e, na sa\u00edda da zona urbana, Cida, que estava com o seu\u00a0pai a bordo de uma motocicleta, teria sido perseguida pelos seus algozes que, em um\u00a0determinado local, foi alvejada.<\/p>\n<p>Cida ainda foi socorrida por uma equipe do SAMU para o Hospital Regional da cidade, mas n\u00e3o\u00a0resistiu aos\u00a0 ferimentos e faleceu.\u00a0O crime chamou a aten\u00e7\u00e3o da popula\u00e7\u00e3o e uma multid\u00e3o de curiosos foi at\u00e9 o HGT para ver de<br \/>\nperto a ocorr\u00eancia.<\/p>\n<p>A Pol\u00edcia Civil (PC) passa a investigar o crime a partir de agora e uma das principais linhas de\u00a0investiga\u00e7\u00e3o deve ser a possibilidade de que a motiva\u00e7\u00e3o do assassinato pode ter sido vingan\u00e7a,\u00a0j\u00e1 que ela matou o marido.<\/p>\n<p><strong>CARIRI EM A\u00c7\u00c3O<\/strong><\/p>\n<p>Com Heleno Lima\/Foto: Reprodu\u00e7\u00e3o<\/p>\n<p>Leia mais not\u00edcias em\u00a0<a href=\"http:\/\/www.caririemacao.com\/\">caririemacao.com<\/a>, siga nossa p\u00e1gina no\u00a0<a href=\"https:\/\/www.facebook.com\/CaririEmAcao\/?ref=aymt_homepage_panel\">Facebook<\/a>,\u00a0<a href=\"https:\/\/www.instagram.com\/cariri_em_acao\/?hl=pt-br\">Instagram<\/a>\u00a0e\u00a0<a href=\"https:\/\/www.youtube.com\/channel\/UCAptA0jQuYQy8vMhLt2m4qg\">Youtube<\/a>\u00a0e veja nossas mat\u00e9rias, v\u00eddeos e fotos. Voc\u00ea tamb\u00e9m pode enviar informa\u00e7\u00f5es \u00e0 Reda\u00e7\u00e3o do Portal Cariri em A\u00e7\u00e3o pelo WhatsApp (83) 9 9634.5791, (83) 9 9601-1162.<\/p>\n","protected":false},"excerpt":{"rendered":"<p>Aparecida Vilar, foi\u00a0assassinada a tiros por volta das 11h50\u00a0desta quinta-feira (7) em uma estrada\u00a0vicinal da\u00a0 comunidade rural Santa Maria na cidade de Tapero\u00e1.\u00a0Cida havia matado&hellip; <\/p>\n","protected":false},"author":2,"featured_media":53609,"comment_status":"closed","ping_status":"closed","sticky":false,"template":"","format":"standard","meta":{"sfsi_plus_gutenberg_text_before_share":"","sfsi_plus_gutenberg_show_text_before_share":"","sfsi_plus_gutenberg_icon_type":"","sfsi_plus_gutenberg_icon_alignemt":"","sfsi_plus_gutenburg_max_per_row":"","footnotes":""},"categories":[12],"tags":[],"class_list":["post-53608","post","type-post","status-publish","format-standard","has-post-thumbnail","hentry","category-policia"],"_links":{"self":[{"href":"https:\/\/www.caririemacao.com\/1\/wp-json\/wp\/v2\/posts\/53608","targetHints":{"allow":["GET"]}}],"collection":[{"href":"https:\/\/www.caririemacao.com\/1\/wp-json\/wp\/v2\/posts"}],"about":[{"href":"https:\/\/www.caririemacao.com\/1\/wp-json\/wp\/v2\/types\/post"}],"author":[{"embeddable":true,"href":"https:\/\/www.caririemacao.com\/1\/wp-json\/wp\/v2\/users\/2"}],"replies":[{"embeddable":true,"href":"https:\/\/www.caririemacao.com\/1\/wp-json\/wp\/v2\/comments?post=53608"}],"version-history":[{"count":0,"href":"https:\/\/www.caririemacao.com\/1\/wp-json\/wp\/v2\/posts\/53608\/revisions"}],"wp:featuredmedia":[{"embeddable":true,"href":"https:\/\/www.caririemacao.com\/1\/wp-json\/wp\/v2\/media\/53609"}],"wp:attachment":[{"href":"https:\/\/www.caririemacao.com\/1\/wp-json\/wp\/v2\/media?parent=53608"}],"wp:term":[{"taxonomy":"category","embeddable":true,"href":"https:\/\/www.caririemacao.com\/1\/wp-json\/wp\/v2\/categories?post=53608"},{"taxonomy":"post_tag","embeddable":true,"href":"https:\/\/www.caririemacao.com\/1\/wp-json\/wp\/v2\/tags?post=53608"}],"curies":[{"name":"wp","href":"https:\/\/api.w.org\/{rel}","templated":true}]}}