{"id":53611,"date":"2018-06-07T23:23:27","date_gmt":"2018-06-08T02:23:27","guid":{"rendered":"http:\/\/caririemacao.com\/1\/?p=53611"},"modified":"2018-06-07T23:23:27","modified_gmt":"2018-06-08T02:23:27","slug":"equipe-do-nasf-segue-realizando-visita-domiciliar-na-area-rural-do-municipio","status":"publish","type":"post","link":"https:\/\/www.caririemacao.com\/1\/2018\/06\/07\/equipe-do-nasf-segue-realizando-visita-domiciliar-na-area-rural-do-municipio\/","title":{"rendered":"Equipe do NASF segue realizando visita domiciliar na \u00e1rea rural do munic\u00edpio"},"content":{"rendered":"<p>Os N\u00facleos de Apoio \u00e0 Sa\u00fade da Fam\u00edlia (NASF) foram criados pelo Minist\u00e9rio da Sa\u00fade em 2008 com o objetivo de apoiar a consolida\u00e7\u00e3o da Aten\u00e7\u00e3o B\u00e1sica no Brasil, ampliando as ofertas de sa\u00fade na rede de servi\u00e7os, assim como a resolutividade, a abrang\u00eancia e o alvo das a\u00e7\u00f5es.<\/p>\n<p>Atualmente regulamentados pela Portaria n\u00ba 2.488, de 21 de outubro de 2011, configuram-se como equipes multiprofissionais que atuam de forma integrada com as equipes de Sa\u00fade da Fam\u00edlia (ESF).<\/p>\n<p>Esta atua\u00e7\u00e3o integrada permite realizar discuss\u00f5es de casos cl\u00ednicos, possibilita o atendimento compartilhado entre profissionais tanto na Unidade de Sa\u00fade como nas visitas domiciliares, permite ainda a constru\u00e7\u00e3o conjunta de projetos terap\u00eauticos de forma que amplia e qualifica as interven\u00e7\u00f5es no territ\u00f3rio e na sa\u00fade de grupos populacionais. Essas a\u00e7\u00f5es de sa\u00fade tamb\u00e9m podem ser intersetoriais, com foco priorit\u00e1rio nas a\u00e7\u00f5es de preven\u00e7\u00e3o e promo\u00e7\u00e3o da sa\u00fade. Nesse contexto, a equipe do NASF do munic\u00edpio de Amparo, vem dando continuidade aos servi\u00e7os nas \u00e1reas da nutri\u00e7\u00e3o, fisioterapia, psicologia e odontologia na \u00e1rea rural do munic\u00edpio. Seguindo cronograma de atendimento, a equipe esteve atendendo a comunidade rural de malhada da quixaba, nesta quarta-feira (06).<\/p>\n<p>Segundo o secret\u00e1rio de sa\u00fade Jussie Lacerda, estas a\u00e7\u00f5es contemplar\u00e3o todas as comunidades rurais do munic\u00edpio, o secret\u00e1rio enfatiza ainda que \u00e9 determina\u00e7\u00e3o do prefeito In\u00e1cio N\u00f3brega, esse tipo de atendimento \u00e0 popula\u00e7\u00e3o amparense.<\/p>\n<p><strong>CARIRI EM A\u00c7\u00c3O<\/strong><\/p>\n<p>Com Ascom PMA\/Foto: Reprodu\u00e7\u00e3o<\/p>\n<p>Leia mais not\u00edcias em\u00a0<a href=\"http:\/\/www.caririemacao.com\/\">caririemacao.com<\/a>, siga nossa p\u00e1gina no\u00a0<a href=\"https:\/\/www.facebook.com\/CaririEmAcao\/?ref=aymt_homepage_panel\">Facebook<\/a>,\u00a0<a href=\"https:\/\/www.instagram.com\/cariri_em_acao\/?hl=pt-br\">Instagram<\/a>\u00a0e\u00a0<a href=\"https:\/\/www.youtube.com\/channel\/UCAptA0jQuYQy8vMhLt2m4qg\">Youtube<\/a>\u00a0e veja nossas mat\u00e9rias, v\u00eddeos e fotos. Voc\u00ea tamb\u00e9m pode enviar informa\u00e7\u00f5es \u00e0 Reda\u00e7\u00e3o do Portal Cariri em A\u00e7\u00e3o pelo WhatsApp (83) 9 9634.5791, (83) 9 9601-1162.<\/p>\n","protected":false},"excerpt":{"rendered":"<p>Os N\u00facleos de Apoio \u00e0 Sa\u00fade da Fam\u00edlia (NASF) foram criados pelo Minist\u00e9rio da Sa\u00fade em 2008 com o objetivo de apoiar a consolida\u00e7\u00e3o da&hellip; <\/p>\n","protected":false},"author":2,"featured_media":53612,"comment_status":"closed","ping_status":"closed","sticky":false,"template":"","format":"standard","meta":{"sfsi_plus_gutenberg_text_before_share":"","sfsi_plus_gutenberg_show_text_before_share":"","sfsi_plus_gutenberg_icon_type":"","sfsi_plus_gutenberg_icon_alignemt":"","sfsi_plus_gutenburg_max_per_row":"","footnotes":""},"categories":[6],"tags":[],"class_list":["post-53611","post","type-post","status-publish","format-standard","has-post-thumbnail","hentry","category-cidades"],"_links":{"self":[{"href":"https:\/\/www.caririemacao.com\/1\/wp-json\/wp\/v2\/posts\/53611","targetHints":{"allow":["GET"]}}],"collection":[{"href":"https:\/\/www.caririemacao.com\/1\/wp-json\/wp\/v2\/posts"}],"about":[{"href":"https:\/\/www.caririemacao.com\/1\/wp-json\/wp\/v2\/types\/post"}],"author":[{"embeddable":true,"href":"https:\/\/www.caririemacao.com\/1\/wp-json\/wp\/v2\/users\/2"}],"replies":[{"embeddable":true,"href":"https:\/\/www.caririemacao.com\/1\/wp-json\/wp\/v2\/comments?post=53611"}],"version-history":[{"count":0,"href":"https:\/\/www.caririemacao.com\/1\/wp-json\/wp\/v2\/posts\/53611\/revisions"}],"wp:featuredmedia":[{"embeddable":true,"href":"https:\/\/www.caririemacao.com\/1\/wp-json\/wp\/v2\/media\/53612"}],"wp:attachment":[{"href":"https:\/\/www.caririemacao.com\/1\/wp-json\/wp\/v2\/media?parent=53611"}],"wp:term":[{"taxonomy":"category","embeddable":true,"href":"https:\/\/www.caririemacao.com\/1\/wp-json\/wp\/v2\/categories?post=53611"},{"taxonomy":"post_tag","embeddable":true,"href":"https:\/\/www.caririemacao.com\/1\/wp-json\/wp\/v2\/tags?post=53611"}],"curies":[{"name":"wp","href":"https:\/\/api.w.org\/{rel}","templated":true}]}}