{"id":53614,"date":"2018-06-07T23:25:38","date_gmt":"2018-06-08T02:25:38","guid":{"rendered":"http:\/\/caririemacao.com\/1\/?p=53614"},"modified":"2018-06-07T23:25:38","modified_gmt":"2018-06-08T02:25:38","slug":"amparo-secretaria-municipal-de-saude-recebe-novos-equipamentos","status":"publish","type":"post","link":"https:\/\/www.caririemacao.com\/1\/2018\/06\/07\/amparo-secretaria-municipal-de-saude-recebe-novos-equipamentos\/","title":{"rendered":"AMPARO: Secretaria Municipal de Sa\u00fade recebe novos equipamentos"},"content":{"rendered":"<p>Dando continuidade ao programa de aquisi\u00e7\u00e3o de equipamentos para a \u00e1rea de melhorias na Unidade B\u00e1sica de Sa\u00fade S\u00e3o Sebasti\u00e3o, a Secretaria Municipal de Sa\u00fade recebeu nesta quarta-feira (06), mais uma remessa de novos e modernos itens nas \u00e1reas de m\u00f3veis (cadeiras, bir\u00f4s, arm\u00e1rios etc.) tecnol\u00f3gico (computadores, impressoras, ar condicionado etc.).<\/p>\n<p>Segundo o secret\u00e1rio Jussie Lacerda, este \u00e9 o resultado do esfor\u00e7o do prefeito In\u00e1cio N\u00f3brega junto aos agentes pol\u00edticos. Esta a\u00e7\u00e3o foi conseguida diante da emenda do Senador C\u00e1ssio Cunha Lima, que tem demonstrado um carinho e respeito muito grande \u00e0 popula\u00e7\u00e3o amparense. Afirmou o secret\u00e1rio.<\/p>\n<p><strong>CARIRI EM A\u00c7\u00c3O<\/strong><\/p>\n<p>Com Ascom PMA\/Foto: Reprodu\u00e7\u00e3o<\/p>\n<p>Leia mais not\u00edcias em\u00a0<a href=\"http:\/\/www.caririemacao.com\/\">caririemacao.com<\/a>, siga nossa p\u00e1gina no\u00a0<a href=\"https:\/\/www.facebook.com\/CaririEmAcao\/?ref=aymt_homepage_panel\">Facebook<\/a>,\u00a0<a href=\"https:\/\/www.instagram.com\/cariri_em_acao\/?hl=pt-br\">Instagram<\/a>\u00a0e\u00a0<a href=\"https:\/\/www.youtube.com\/channel\/UCAptA0jQuYQy8vMhLt2m4qg\">Youtube<\/a>\u00a0e veja nossas mat\u00e9rias, v\u00eddeos e fotos. Voc\u00ea tamb\u00e9m pode enviar informa\u00e7\u00f5es \u00e0 Reda\u00e7\u00e3o do Portal Cariri em A\u00e7\u00e3o pelo WhatsApp (83) 9 9634.5791, (83) 9 9601-1162.<\/p>\n","protected":false},"excerpt":{"rendered":"<p>Dando continuidade ao programa de aquisi\u00e7\u00e3o de equipamentos para a \u00e1rea de melhorias na Unidade B\u00e1sica de Sa\u00fade S\u00e3o Sebasti\u00e3o, a Secretaria Municipal de Sa\u00fade&hellip; <\/p>\n","protected":false},"author":2,"featured_media":53615,"comment_status":"closed","ping_status":"closed","sticky":false,"template":"","format":"standard","meta":{"sfsi_plus_gutenberg_text_before_share":"","sfsi_plus_gutenberg_show_text_before_share":"","sfsi_plus_gutenberg_icon_type":"","sfsi_plus_gutenberg_icon_alignemt":"","sfsi_plus_gutenburg_max_per_row":"","footnotes":""},"categories":[16],"tags":[],"class_list":["post-53614","post","type-post","status-publish","format-standard","has-post-thumbnail","hentry","category-saude"],"_links":{"self":[{"href":"https:\/\/www.caririemacao.com\/1\/wp-json\/wp\/v2\/posts\/53614","targetHints":{"allow":["GET"]}}],"collection":[{"href":"https:\/\/www.caririemacao.com\/1\/wp-json\/wp\/v2\/posts"}],"about":[{"href":"https:\/\/www.caririemacao.com\/1\/wp-json\/wp\/v2\/types\/post"}],"author":[{"embeddable":true,"href":"https:\/\/www.caririemacao.com\/1\/wp-json\/wp\/v2\/users\/2"}],"replies":[{"embeddable":true,"href":"https:\/\/www.caririemacao.com\/1\/wp-json\/wp\/v2\/comments?post=53614"}],"version-history":[{"count":0,"href":"https:\/\/www.caririemacao.com\/1\/wp-json\/wp\/v2\/posts\/53614\/revisions"}],"wp:featuredmedia":[{"embeddable":true,"href":"https:\/\/www.caririemacao.com\/1\/wp-json\/wp\/v2\/media\/53615"}],"wp:attachment":[{"href":"https:\/\/www.caririemacao.com\/1\/wp-json\/wp\/v2\/media?parent=53614"}],"wp:term":[{"taxonomy":"category","embeddable":true,"href":"https:\/\/www.caririemacao.com\/1\/wp-json\/wp\/v2\/categories?post=53614"},{"taxonomy":"post_tag","embeddable":true,"href":"https:\/\/www.caririemacao.com\/1\/wp-json\/wp\/v2\/tags?post=53614"}],"curies":[{"name":"wp","href":"https:\/\/api.w.org\/{rel}","templated":true}]}}