{"id":53617,"date":"2018-06-07T23:30:27","date_gmt":"2018-06-08T02:30:27","guid":{"rendered":"http:\/\/caririemacao.com\/1\/?p=53617"},"modified":"2018-06-07T23:30:27","modified_gmt":"2018-06-08T02:30:27","slug":"secretaria-de-saude-de-sume-apresenta-relatorio-quadrimestral-em-audiencia-publica","status":"publish","type":"post","link":"https:\/\/www.caririemacao.com\/1\/2018\/06\/07\/secretaria-de-saude-de-sume-apresenta-relatorio-quadrimestral-em-audiencia-publica\/","title":{"rendered":"Secretaria de Sa\u00fade de Sum\u00e9 apresenta relat\u00f3rio quadrimestral em audi\u00eancia p\u00fablica"},"content":{"rendered":"<p>A Secretaria de Sa\u00fade de Sum\u00e9, realizou nesta quarta-feira (06), a presta\u00e7\u00e3o de contas referente ao terceiro quadrimestre de 2017 (setembro, outubro, novembro e dezembro).<\/p>\n<p>A apresenta\u00e7\u00e3o do relat\u00f3rio das a\u00e7\u00f5es e servi\u00e7os prestados aconteceu atendendo a uma recomenda\u00e7\u00e3o do artigo 36 da lei 141\/2012, a qual versa sobre a necessidade de os gestores realizarem esse procedimento de presta\u00e7\u00e3o de contas.<a href=\"http:\/\/caririemacao.com\/1\/wp-content\/uploads\/2018\/06\/DSC_0353.jpg\"><img fetchpriority=\"high\" decoding=\"async\" class=\"alignnone size-full wp-image-53618\" src=\"http:\/\/caririemacao.com\/1\/wp-content\/uploads\/2018\/06\/DSC_0353.jpg\" alt=\"\" width=\"1024\" height=\"456\" srcset=\"https:\/\/www.caririemacao.com\/1\/wp-content\/uploads\/2018\/06\/DSC_0353.jpg 1024w, https:\/\/www.caririemacao.com\/1\/wp-content\/uploads\/2018\/06\/DSC_0353-300x134.jpg 300w, https:\/\/www.caririemacao.com\/1\/wp-content\/uploads\/2018\/06\/DSC_0353-768x342.jpg 768w\" sizes=\"(max-width: 1024px) 100vw, 1024px\" \/><\/a><\/p>\n<p>Dentre os n\u00fameros apresentados na audi\u00eancia, destaca-se a quantidade de usu\u00e1rios atendidos com consultas m\u00e9dicas das equipes de estrat\u00e9gia da fam\u00edlia, consultas de pr\u00e9-natal, consultas especializadas, exames especializados e os atendimentos no Hospital e Maternidade Alice de Almeida.<\/p>\n<p>A audi\u00eancia aconteceu na C\u00e2mara de Vereadores de Sum\u00e9 e contou com a presen\u00e7a da secret\u00e1ria de Sa\u00fade, Alessandra Regina, membros do Conselho Municipal de Sa\u00fade, servidores da secretaria, vereadores e da sociedade civil.<\/p>\n<p><strong>CARIRI EM A\u00c7\u00c3O<\/strong><\/p>\n<p>Com Ascom\/PMS\/Foto: Reprodu\u00e7\u00e3o<\/p>\n<p>Leia mais not\u00edcias em\u00a0<a href=\"http:\/\/www.caririemacao.com\/\">caririemacao.com<\/a>, siga nossa p\u00e1gina no\u00a0<a href=\"https:\/\/www.facebook.com\/CaririEmAcao\/?ref=aymt_homepage_panel\">Facebook<\/a>,\u00a0<a href=\"https:\/\/www.instagram.com\/cariri_em_acao\/?hl=pt-br\">Instagram<\/a>\u00a0e\u00a0<a href=\"https:\/\/www.youtube.com\/channel\/UCAptA0jQuYQy8vMhLt2m4qg\">Youtube<\/a>\u00a0e veja nossas mat\u00e9rias, v\u00eddeos e fotos. Voc\u00ea tamb\u00e9m pode enviar informa\u00e7\u00f5es \u00e0 Reda\u00e7\u00e3o do Portal Cariri em A\u00e7\u00e3o pelo WhatsApp (83) 9 9634.5791, (83) 9 9601-1162.<\/p>\n","protected":false},"excerpt":{"rendered":"<p>A Secretaria de Sa\u00fade de Sum\u00e9, realizou nesta quarta-feira (06), a presta\u00e7\u00e3o de contas referente ao terceiro quadrimestre de 2017 (setembro, outubro, novembro e dezembro).&hellip; <\/p>\n","protected":false},"author":2,"featured_media":53619,"comment_status":"closed","ping_status":"closed","sticky":false,"template":"","format":"standard","meta":{"sfsi_plus_gutenberg_text_before_share":"","sfsi_plus_gutenberg_show_text_before_share":"","sfsi_plus_gutenberg_icon_type":"","sfsi_plus_gutenberg_icon_alignemt":"","sfsi_plus_gutenburg_max_per_row":"","footnotes":""},"categories":[16],"tags":[],"class_list":["post-53617","post","type-post","status-publish","format-standard","has-post-thumbnail","hentry","category-saude"],"_links":{"self":[{"href":"https:\/\/www.caririemacao.com\/1\/wp-json\/wp\/v2\/posts\/53617","targetHints":{"allow":["GET"]}}],"collection":[{"href":"https:\/\/www.caririemacao.com\/1\/wp-json\/wp\/v2\/posts"}],"about":[{"href":"https:\/\/www.caririemacao.com\/1\/wp-json\/wp\/v2\/types\/post"}],"author":[{"embeddable":true,"href":"https:\/\/www.caririemacao.com\/1\/wp-json\/wp\/v2\/users\/2"}],"replies":[{"embeddable":true,"href":"https:\/\/www.caririemacao.com\/1\/wp-json\/wp\/v2\/comments?post=53617"}],"version-history":[{"count":0,"href":"https:\/\/www.caririemacao.com\/1\/wp-json\/wp\/v2\/posts\/53617\/revisions"}],"wp:featuredmedia":[{"embeddable":true,"href":"https:\/\/www.caririemacao.com\/1\/wp-json\/wp\/v2\/media\/53619"}],"wp:attachment":[{"href":"https:\/\/www.caririemacao.com\/1\/wp-json\/wp\/v2\/media?parent=53617"}],"wp:term":[{"taxonomy":"category","embeddable":true,"href":"https:\/\/www.caririemacao.com\/1\/wp-json\/wp\/v2\/categories?post=53617"},{"taxonomy":"post_tag","embeddable":true,"href":"https:\/\/www.caririemacao.com\/1\/wp-json\/wp\/v2\/tags?post=53617"}],"curies":[{"name":"wp","href":"https:\/\/api.w.org\/{rel}","templated":true}]}}