{"id":53622,"date":"2018-06-07T23:32:22","date_gmt":"2018-06-08T02:32:22","guid":{"rendered":"http:\/\/caririemacao.com\/1\/?p=53622"},"modified":"2018-06-07T23:32:22","modified_gmt":"2018-06-08T02:32:22","slug":"prefeitura-de-sume-realiza-oficinas-durante-a-campanha-de-erradicacao-do-trabalho-infantil","status":"publish","type":"post","link":"https:\/\/www.caririemacao.com\/1\/2018\/06\/07\/prefeitura-de-sume-realiza-oficinas-durante-a-campanha-de-erradicacao-do-trabalho-infantil\/","title":{"rendered":"Prefeitura de Sum\u00e9 realiza oficinas durante a campanha de erradica\u00e7\u00e3o do trabalho infantil"},"content":{"rendered":"<p>A prefeitura de Sum\u00e9 est\u00e1 intensificando durante todo o m\u00eas de junho atividades de conscientiza\u00e7\u00e3o para o combate ao trabalho infantil.<\/p>\n<p>Entre as atividades realizadas aconteceu na \u00faltima ter\u00e7a-feira (05), oficinas com a confec\u00e7\u00e3o de convites para o \u2018Dia D\u2019\u00a0da campanha que acontecer\u00e1 na pr\u00f3xima segunda-feira (11) e discuss\u00e3o da tem\u00e1tica no munic\u00edpio, com as crian\u00e7as que participam do Projeto M\u00f4nica.<\/p>\n<p>Com as a\u00e7\u00f5es desenvolvidas no Projeto M\u00f4nica, as crian\u00e7as puderam refletir sobre o s\u00edmbolo da campanha, o Catavento, que representa movimento, sinergia, atividade na luta contra o trabalho infantil com uma atitude positiva de a\u00e7\u00e3o.<\/p>\n<p>O Projeto M\u00f4nica fica localizado no bairro do Alto Alegre em Sum\u00e9, e atende crian\u00e7as principalmente da localidade, com atividades de recrea\u00e7\u00e3o, oficinas e atividades esportivas.<\/p>\n<p><strong>CARIRI EM A\u00c7\u00c3O<\/strong><\/p>\n<p>Com Ascom\/PMS\/Foto: Reprodu\u00e7\u00e3o<\/p>\n<p>Leia mais not\u00edcias em\u00a0<a href=\"http:\/\/www.caririemacao.com\/\">caririemacao.com<\/a>, siga nossa p\u00e1gina no\u00a0<a href=\"https:\/\/www.facebook.com\/CaririEmAcao\/?ref=aymt_homepage_panel\">Facebook<\/a>,\u00a0<a href=\"https:\/\/www.instagram.com\/cariri_em_acao\/?hl=pt-br\">Instagram<\/a>\u00a0e\u00a0<a href=\"https:\/\/www.youtube.com\/channel\/UCAptA0jQuYQy8vMhLt2m4qg\">Youtube<\/a>\u00a0e veja nossas mat\u00e9rias, v\u00eddeos e fotos. Voc\u00ea tamb\u00e9m pode enviar informa\u00e7\u00f5es \u00e0 Reda\u00e7\u00e3o do Portal Cariri em A\u00e7\u00e3o pelo WhatsApp (83) 9 9634.5791, (83) 9 9601-1162.<\/p>\n","protected":false},"excerpt":{"rendered":"<p>A prefeitura de Sum\u00e9 est\u00e1 intensificando durante todo o m\u00eas de junho atividades de conscientiza\u00e7\u00e3o para o combate ao trabalho infantil. Entre as atividades realizadas&hellip; <\/p>\n","protected":false},"author":2,"featured_media":53623,"comment_status":"closed","ping_status":"closed","sticky":false,"template":"","format":"standard","meta":{"sfsi_plus_gutenberg_text_before_share":"","sfsi_plus_gutenberg_show_text_before_share":"","sfsi_plus_gutenberg_icon_type":"","sfsi_plus_gutenberg_icon_alignemt":"","sfsi_plus_gutenburg_max_per_row":"","footnotes":""},"categories":[6],"tags":[],"class_list":["post-53622","post","type-post","status-publish","format-standard","has-post-thumbnail","hentry","category-cidades"],"_links":{"self":[{"href":"https:\/\/www.caririemacao.com\/1\/wp-json\/wp\/v2\/posts\/53622","targetHints":{"allow":["GET"]}}],"collection":[{"href":"https:\/\/www.caririemacao.com\/1\/wp-json\/wp\/v2\/posts"}],"about":[{"href":"https:\/\/www.caririemacao.com\/1\/wp-json\/wp\/v2\/types\/post"}],"author":[{"embeddable":true,"href":"https:\/\/www.caririemacao.com\/1\/wp-json\/wp\/v2\/users\/2"}],"replies":[{"embeddable":true,"href":"https:\/\/www.caririemacao.com\/1\/wp-json\/wp\/v2\/comments?post=53622"}],"version-history":[{"count":0,"href":"https:\/\/www.caririemacao.com\/1\/wp-json\/wp\/v2\/posts\/53622\/revisions"}],"wp:featuredmedia":[{"embeddable":true,"href":"https:\/\/www.caririemacao.com\/1\/wp-json\/wp\/v2\/media\/53623"}],"wp:attachment":[{"href":"https:\/\/www.caririemacao.com\/1\/wp-json\/wp\/v2\/media?parent=53622"}],"wp:term":[{"taxonomy":"category","embeddable":true,"href":"https:\/\/www.caririemacao.com\/1\/wp-json\/wp\/v2\/categories?post=53622"},{"taxonomy":"post_tag","embeddable":true,"href":"https:\/\/www.caririemacao.com\/1\/wp-json\/wp\/v2\/tags?post=53622"}],"curies":[{"name":"wp","href":"https:\/\/api.w.org\/{rel}","templated":true}]}}