{"id":53641,"date":"2018-06-08T19:03:37","date_gmt":"2018-06-08T22:03:37","guid":{"rendered":"http:\/\/caririemacao.com\/1\/?p=53641"},"modified":"2018-06-08T19:03:37","modified_gmt":"2018-06-08T22:03:37","slug":"lei-obriga-apresentacao-de-carteira-de-vacina-para-matricula-escolar-na-pb","status":"publish","type":"post","link":"https:\/\/www.caririemacao.com\/1\/2018\/06\/08\/lei-obriga-apresentacao-de-carteira-de-vacina-para-matricula-escolar-na-pb\/","title":{"rendered":"Lei obriga apresenta\u00e7\u00e3o de carteira de vacina para matr\u00edcula escolar na PB"},"content":{"rendered":"<p>Os pais de crian\u00e7a em idade escolar ter\u00e3o que apresentar cart\u00e3o de vacina\u00e7\u00e3o dos filhos no ato da matr\u00edcula em escolas que oferecem ensino infantil na Para\u00edba. \u00c9 o que determina a lei, de autoria do deputado Jutay Meneses (PRB), que foi sancionada pelo governador Ricardo Coutinho (PSB) e publicada no\u00a0Di\u00e1rio Oficial do Estado desta sexta-feira (8).<\/p>\n<p>De acordo como a lei, no caso de o matriculado n\u00e3o possuir a carteira de vacina\u00e7\u00e3o, o respons\u00e1vel vai ter o prazo de 30 dias para providenci\u00e1-la junto ao \u00f3rg\u00e3o respons\u00e1vel.<\/p>\n<p>Caso a carteira de vacina\u00e7\u00e3o n\u00e3o seja apresentada ou haja a constata\u00e7\u00e3o da falta de alguma das vacinas obrigat\u00f3rias, a situa\u00e7\u00e3o deve ser regularizada em um prazo m\u00e1ximo de 30 dias, sob pena de comunica\u00e7\u00e3o ao Conselho Tutelar para as devidas provid\u00eancias.<\/p>\n<p>Na justificativa do projeto de lei, o deputado explicou que o poder p\u00fablico deve fiscalizar a aplica\u00e7\u00e3o das vacinas em crian\u00e7as e adolescente, assim como ficou definido no Programa Nacional de Imuniza\u00e7\u00e3o, de 1973, e o melhor momento para fiscalizar o cumprimento do calend\u00e1rio de vacina\u00e7\u00e3o \u00e9 no ato da matr\u00edcula do estudante.<\/p>\n<p>Ainda de acordo com o parlamentar, a falta da carteira de vacina\u00e7\u00e3o n\u00e3o impede a matr\u00edcula da crian\u00e7a. \u201cA ideia \u00e9 uma maior colabora\u00e7\u00e3o entre os setores da sa\u00fade e da educa\u00e7\u00e3o\u201d, justificou no texto do Projeto de Lei.<\/p>\n<p><strong>CARIRI EM A\u00c7\u00c3O<\/strong><\/p>\n<p>Com Jornal da para\u00edba \/Foto: Reprodu\u00e7\u00e3o Internet<\/p>\n<p>Leia mais not\u00edcias em\u00a0<a href=\"http:\/\/www.caririemacao.com\/\">caririemacao.com<\/a>, siga nossa p\u00e1gina no\u00a0<a href=\"https:\/\/www.facebook.com\/CaririEmAcao\/?ref=aymt_homepage_panel\">Facebook<\/a>,\u00a0<a href=\"https:\/\/www.instagram.com\/cariri_em_acao\/?hl=pt-br\">Instagram<\/a>\u00a0e\u00a0<a href=\"https:\/\/www.youtube.com\/channel\/UCAptA0jQuYQy8vMhLt2m4qg\">Youtube<\/a>\u00a0e veja nossas mat\u00e9rias, v\u00eddeos e fotos. Voc\u00ea tamb\u00e9m pode enviar informa\u00e7\u00f5es \u00e0 Reda\u00e7\u00e3o do Portal Cariri em A\u00e7\u00e3o pelo WhatsApp (83) 9 9634.5791, (83) 9 9601-1162.<\/p>\n","protected":false},"excerpt":{"rendered":"<p>Os pais de crian\u00e7a em idade escolar ter\u00e3o que apresentar cart\u00e3o de vacina\u00e7\u00e3o dos filhos no ato da matr\u00edcula em escolas que oferecem ensino infantil&hellip; <\/p>\n","protected":false},"author":2,"featured_media":28735,"comment_status":"closed","ping_status":"closed","sticky":false,"template":"","format":"standard","meta":{"sfsi_plus_gutenberg_text_before_share":"","sfsi_plus_gutenberg_show_text_before_share":"","sfsi_plus_gutenberg_icon_type":"","sfsi_plus_gutenberg_icon_alignemt":"","sfsi_plus_gutenburg_max_per_row":"","footnotes":""},"categories":[2],"tags":[],"class_list":["post-53641","post","type-post","status-publish","format-standard","has-post-thumbnail","hentry","category-geral"],"_links":{"self":[{"href":"https:\/\/www.caririemacao.com\/1\/wp-json\/wp\/v2\/posts\/53641","targetHints":{"allow":["GET"]}}],"collection":[{"href":"https:\/\/www.caririemacao.com\/1\/wp-json\/wp\/v2\/posts"}],"about":[{"href":"https:\/\/www.caririemacao.com\/1\/wp-json\/wp\/v2\/types\/post"}],"author":[{"embeddable":true,"href":"https:\/\/www.caririemacao.com\/1\/wp-json\/wp\/v2\/users\/2"}],"replies":[{"embeddable":true,"href":"https:\/\/www.caririemacao.com\/1\/wp-json\/wp\/v2\/comments?post=53641"}],"version-history":[{"count":0,"href":"https:\/\/www.caririemacao.com\/1\/wp-json\/wp\/v2\/posts\/53641\/revisions"}],"wp:featuredmedia":[{"embeddable":true,"href":"https:\/\/www.caririemacao.com\/1\/wp-json\/wp\/v2\/media\/28735"}],"wp:attachment":[{"href":"https:\/\/www.caririemacao.com\/1\/wp-json\/wp\/v2\/media?parent=53641"}],"wp:term":[{"taxonomy":"category","embeddable":true,"href":"https:\/\/www.caririemacao.com\/1\/wp-json\/wp\/v2\/categories?post=53641"},{"taxonomy":"post_tag","embeddable":true,"href":"https:\/\/www.caririemacao.com\/1\/wp-json\/wp\/v2\/tags?post=53641"}],"curies":[{"name":"wp","href":"https:\/\/api.w.org\/{rel}","templated":true}]}}