{"id":53645,"date":"2018-06-08T19:18:10","date_gmt":"2018-06-08T22:18:10","guid":{"rendered":"http:\/\/caririemacao.com\/1\/?p=53645"},"modified":"2018-06-08T19:18:10","modified_gmt":"2018-06-08T22:18:10","slug":"confiante-de-que-lula-vence-eleicoes-pt-lanca-pre-candidatura-em-mg","status":"publish","type":"post","link":"https:\/\/www.caririemacao.com\/1\/2018\/06\/08\/confiante-de-que-lula-vence-eleicoes-pt-lanca-pre-candidatura-em-mg\/","title":{"rendered":"Confiante de que Lula vence elei\u00e7\u00f5es, PT lan\u00e7a pr\u00e9-candidatura em MG"},"content":{"rendered":"<p>Com o ex-presidente\u00a0Luiz In\u00e1cio Lula da Silva\u00a0preso h\u00e1 2 meses, o PT lan\u00e7a nesta sexta-feira (8) a\u00a0pr\u00e9-candidatura\u00a0do petista \u00e0 Presid\u00eancia da Rep\u00fablica convicto de uma vit\u00f3ria nas urnas. &#8220;N\u00f3s vamos fazer campanha com ele, mesmo preso. E ele vai ganhar&#8221;, afirmou a senadora\u00a0Gleisi Hoffmann, presidente do PT, no plen\u00e1rio do Senado, nesta quinta-feira (7).<\/p>\n<p>Sem autoriza\u00e7\u00e3o para gravar v\u00eddeos na Superintend\u00eancia da Pol\u00edcia Federal, em Curitiba (PR), a presen\u00e7a de Lula ser\u00e1 por meio de uma carta, que dever\u00e1 ser lida em um jogral. O evento est\u00e1 previsto para 18h na cidade de Contagem, na regi\u00e3o metropolitana de Belo Horizonte, em Minas Gerais.<\/p>\n<p>O estado que \u00e9 domic\u00edlio eleitoral da ex-presidente\u00a0Dilma Rousseff\u00a0foi um dos determinantes para ela ganhar as elei\u00e7\u00f5es de 2014. \u00c9 em Minas tamb\u00e9m onde est\u00e1\u00a0M\u00e1rcio Lacerda, pr\u00e9 candidato do PSB ao Pal\u00e1cio da Liberdade. O partido \u00e9 decisivo no xadrez eleitoral da esquerda. O apoio nacional dos socialistas \u00e9 cobi\u00e7ado tanto por petistas quanto pela candidatura de\u00a0Ciro Gomes\u00a0(PDT).<\/p>\n<p>Condenado por corrup\u00e7\u00e3o e lavagem de dinheiro no caso do\u00a0tr\u00edplex do Guaruj\u00e1, Lula \u00e9 considerado ineleg\u00edvel pela\u00a0Lei da Ficha Limpa. O PT, contudo, mant\u00e9m a decis\u00e3o de coloc\u00e1-lo na disputa. O registro de candidatura ser\u00e1 analisado pelo\u00a0TSE (Tribunal Superior Eleitoral), onde a tend\u00eancia \u00e9 de rejei\u00e7\u00e3o.<\/p>\n<p>Na avalia\u00e7\u00e3o do deputado\u00a0Reginaldo Lopes\u00a0(PT-MG), o momento \u00e9 de articula\u00e7\u00f5es e o cen\u00e1rio eleitoral s\u00f3 ser\u00e1 definido pr\u00f3ximo ao 1\u00ba turno. Questionado sobre a estrat\u00e9gia de comunica\u00e7\u00e3o de Lula na campanha, o parlamentar fez uma refer\u00eancia \u00e0 frase dita pelo ex-presidente no dia em que se entregou \u00e0 Pol\u00edcia Federal.<\/p>\n<p>&#8220;O presidente Lula n\u00e3o precisa fazer campanha. Ele ganha as elei\u00e7\u00f5es por uma frase que ele falou. O presidente Lula \u00e9 uma ideia. (&#8230;) O que as pessoas percebem s\u00e3o as ideias que o Lula representa, materializadas na sua pessoa ou representadas por v\u00e1rias pessoas&#8221;, afirmou Lopes ao HuffPost Brasil.<\/p>\n<p>Sobre a possibilidade de substitui\u00e7\u00e3o do nome na corrida eleitoral, o deputado afirmou que &#8220;qualquer um com apoio de Lula vai para o 2\u00ba turno e ganhar\u00e1 as elei\u00e7\u00f5es&#8221;, mas que o ideal \u00e9 que fosse do PT.<\/p>\n<blockquote class=\"pull-quote\"><p>O Lula, de uma maneira ou outra monopoliza o processo eleitoral.Reginaldo Lopes<\/p><\/blockquote>\n<p>De acordo com a \u00faltima pesquisa\u00a0Datafolha, publicada em 16 de abril, Ciro tem entre 5% e 9% das inten\u00e7\u00f5es de voto, a depender do cen\u00e1rio. Luiz In\u00e1cio Lula da Silva continua na lideran\u00e7a, entre 30% e 31% das inten\u00e7\u00f5es de voto. Poss\u00edvel substituto do petista na corrida eleitoral, o ex-prefeito\u00a0Fernando Haddad\u00a0alcan\u00e7a, no m\u00e1ximo, 2%.<\/p>\n<h2>Lula como pacificador do Brasil<\/h2>\n<p>Diante da insatisfa\u00e7\u00e3o popular com o desemprego e alta nos pre\u00e7os e dias ap\u00f3s o fim da greve dos caminhoneiros, o PT ir\u00e1 refor\u00e7ar a ideia de Lula como um salvador do Pa\u00eds, destacando sua habilidade de pacificador e feitos do governo petista. &#8220;O Pa\u00eds entrou em uma crise; com milh\u00f5es de desempregados, caminha para uma convuls\u00e3o social&#8221;, afirmou Reginaldo Lopes.<\/p>\n<p>O argumento foi refor\u00e7ado em plen\u00e1rio por Gleisi Hoffmann. &#8220;Na \u00e9poca de Lula, n\u00f3s t\u00ednhamos paz social; na \u00e9poca de Lula, n\u00f3s t\u00ednhamos desenvolvimento econ\u00f4mico; na \u00e9poca de Lula, n\u00f3s t\u00ednhamos emprego; na \u00e9poca de Lula, n\u00f3s t\u00ednhamos renda (&#8230;) na \u00e9poca de Lula, n\u00f3s t\u00ednhamos gasolina barata; na \u00e9poca de Lula, n\u00f3s t\u00ednhamos g\u00e1s de cozinha barato; n\u00f3s t\u00ednhamos diesel barato&#8221;, afirmou a senadora.<\/p>\n<p>Apesar de conversas nos bastidores sobre alian\u00e7as regionais com outras legendas e a possibilidade de um substituto do presidenci\u00e1vel, o discurso oficial do partido \u00e9 de que n\u00e3o h\u00e1 plano B. &#8220;Quero reafirmar aqui a nossa decis\u00e3o j\u00e1 tomada em v\u00e1rias oportunidades pelo Partido dos Trabalhadores de que Lula ser\u00e1 o nosso candidato. N\u00e3o adiantam os ataques especulativos. O pessoal da imprensa fica inventando nome, dizendo que vamos ter plano B, plano C, qualquer outro a\u00ed. N\u00e3o existe!&#8221;, disse Gleisi na tribuna.<\/p>\n<p>Entre os nomes citados como poss\u00edveis substitutos de Lula, al\u00e9m de Haddad, est\u00e3o o do ex-governador da Bahia\u00a0Jaques Wagner, o ex-ministro\u00a0Celso Amorim, o deputado\u00a0Patrus Ananias\u00a0(PT-MG) e o da pr\u00f3pria Gleisi.<\/p>\n<p>A fim de ganhar tempo, o registro de candidatura deve ser feito em 15 de agosto, data limite da Justi\u00e7a Eleitoral. Aliados de Lula defendem que os direitos pol\u00edticos s\u00f3 podem ser suspensos ap\u00f3s o tr\u00e2nsito em julgado, ou seja, quando n\u00e3o couberem mais recursos. A Lei da Ficha Limpa, contudo, prev\u00ea a inelegibilidade nos casos de condena\u00e7\u00e3o por \u00f3rg\u00e3o colegiado, como \u00e9 o caso do petista.<\/p>\n<p>O PT ir\u00e1 argumentar que candidatos a governador e prefeitos j\u00e1 disputaram em situa\u00e7\u00e3o semelhante. &#8220;A Lei da Ficha Limpa, no seu artigo 26, diz que o candidato, mesmo com questionamento da Justi\u00e7a Eleitoral por ter sido condenado em segunda inst\u00e2ncia, pode concorrer \u00e0s elei\u00e7\u00f5es e pode levantar a sua inelegibilidade at\u00e9 a diploma\u00e7\u00e3o&#8221;, afirmou a presidente da legenda.<\/p>\n<h2>Pr\u00e9-candidatura \u00e9 usada em recurso ao STF<\/h2>\n<p>Al\u00e9m do impacto pol\u00edtico, a pr\u00e9-candidatura pode ter reflexos no campo jur\u00eddico. Ela \u00e9 usada com argumento para pedir a liberdade de Lula em recurso excepcional apresentado pela defesa do petista na \u00faltima ter\u00e7a-feira (5) ao\u00a0STF (Supremo Tribunal Federal)\u00a0e\u00a0STJ (Superior Tribunal de Justi\u00e7a).<\/p>\n<p>De acordo com os advogados, a pris\u00e3o de Lula poderia trazer &#8220;concreto preju\u00edzo ao processo eleitoral&#8221;, que inclusive j\u00e1 teria sido consumado &#8220;com a aus\u00eancia do requerente a diversos atos pol\u00edticos&#8221;, ainda que as condi\u00e7\u00f5es de elegibilidade sejam de compet\u00eancia da Justi\u00e7a Eleitoral. O PT tem ficado de fora, por exemplo, das sabatinas com presidenci\u00e1veis.<\/p>\n<p>O recurso questiona ainda a prerrogativa do juiz\u00a0S\u00e9rgio Moro\u00a0para julgar o caso, supostas viola\u00e7\u00f5es ao direito de defesa e clama pelo princ\u00edpio da imparcialidade por parte de juiz e procuradores.<\/p>\n<p><strong>CARIRI EM A\u00c7\u00c3O<\/strong><\/p>\n<p>Com HuffPost Brasil\/Foto: Reprodu\u00e7\u00e3o Internet<\/p>\n<p>Leia mais not\u00edcias em\u00a0<a href=\"http:\/\/www.caririemacao.com\/\">caririemacao.com<\/a>, siga nossa p\u00e1gina no\u00a0<a href=\"https:\/\/www.facebook.com\/CaririEmAcao\/?ref=aymt_homepage_panel\">Facebook<\/a>,\u00a0<a href=\"https:\/\/www.instagram.com\/cariri_em_acao\/?hl=pt-br\">Instagram<\/a>\u00a0e\u00a0<a href=\"https:\/\/www.youtube.com\/channel\/UCAptA0jQuYQy8vMhLt2m4qg\">Youtube<\/a>\u00a0e veja nossas mat\u00e9rias, v\u00eddeos e fotos. Voc\u00ea tamb\u00e9m pode enviar informa\u00e7\u00f5es \u00e0 Reda\u00e7\u00e3o do Portal Cariri em A\u00e7\u00e3o pelo WhatsApp (83) 9 9634.5791, (83) 9 9601-1162.<\/p>\n","protected":false},"excerpt":{"rendered":"<p>Com o ex-presidente\u00a0Luiz In\u00e1cio Lula da Silva\u00a0preso h\u00e1 2 meses, o PT lan\u00e7a nesta sexta-feira (8) a\u00a0pr\u00e9-candidatura\u00a0do petista \u00e0 Presid\u00eancia da Rep\u00fablica convicto de uma&hellip; <\/p>\n","protected":false},"author":2,"featured_media":48143,"comment_status":"closed","ping_status":"closed","sticky":false,"template":"","format":"standard","meta":{"sfsi_plus_gutenberg_text_before_share":"","sfsi_plus_gutenberg_show_text_before_share":"","sfsi_plus_gutenberg_icon_type":"","sfsi_plus_gutenberg_icon_alignemt":"","sfsi_plus_gutenburg_max_per_row":"","footnotes":""},"categories":[11],"tags":[],"class_list":["post-53645","post","type-post","status-publish","format-standard","has-post-thumbnail","hentry","category-politica"],"_links":{"self":[{"href":"https:\/\/www.caririemacao.com\/1\/wp-json\/wp\/v2\/posts\/53645","targetHints":{"allow":["GET"]}}],"collection":[{"href":"https:\/\/www.caririemacao.com\/1\/wp-json\/wp\/v2\/posts"}],"about":[{"href":"https:\/\/www.caririemacao.com\/1\/wp-json\/wp\/v2\/types\/post"}],"author":[{"embeddable":true,"href":"https:\/\/www.caririemacao.com\/1\/wp-json\/wp\/v2\/users\/2"}],"replies":[{"embeddable":true,"href":"https:\/\/www.caririemacao.com\/1\/wp-json\/wp\/v2\/comments?post=53645"}],"version-history":[{"count":0,"href":"https:\/\/www.caririemacao.com\/1\/wp-json\/wp\/v2\/posts\/53645\/revisions"}],"wp:featuredmedia":[{"embeddable":true,"href":"https:\/\/www.caririemacao.com\/1\/wp-json\/wp\/v2\/media\/48143"}],"wp:attachment":[{"href":"https:\/\/www.caririemacao.com\/1\/wp-json\/wp\/v2\/media?parent=53645"}],"wp:term":[{"taxonomy":"category","embeddable":true,"href":"https:\/\/www.caririemacao.com\/1\/wp-json\/wp\/v2\/categories?post=53645"},{"taxonomy":"post_tag","embeddable":true,"href":"https:\/\/www.caririemacao.com\/1\/wp-json\/wp\/v2\/tags?post=53645"}],"curies":[{"name":"wp","href":"https:\/\/api.w.org\/{rel}","templated":true}]}}