{"id":53647,"date":"2018-06-08T19:19:54","date_gmt":"2018-06-08T22:19:54","guid":{"rendered":"http:\/\/caririemacao.com\/1\/?p=53647"},"modified":"2018-06-08T19:19:54","modified_gmt":"2018-06-08T22:19:54","slug":"real-madrid-disposto-a-acelerar-negociacao-por-neymar-tecnico-do-psg-visita-o-craque-em-liverpool","status":"publish","type":"post","link":"https:\/\/www.caririemacao.com\/1\/2018\/06\/08\/real-madrid-disposto-a-acelerar-negociacao-por-neymar-tecnico-do-psg-visita-o-craque-em-liverpool\/","title":{"rendered":"Real Madrid disposto a acelerar negocia\u00e7\u00e3o por Neymar; T\u00e9cnico do PSG visita o craque em Liverpool"},"content":{"rendered":"<p>A poss\u00edvel ida de Neymar para o Real Madrid come\u00e7a a esquentar na Europa. Segundo o jornal &#8220;Mundo Deportivo&#8221;, o presidente Florentino P\u00e9rez est\u00e1 disposto a acelerar as negocia\u00e7\u00f5es para contratar o craque do PSG. O per\u00edodo aponta ainda que o mandat\u00e1rio foi a Londres durante a semana, onde est\u00e1 concentrada a Sele\u00e7\u00e3o Brasileira, para se aproximar do atacante.<\/p>\n<p>A chegada de Neymar ao Santiago Bernab\u00e9u estaria diretamente ligada \u00e0 sa\u00edda de Cristiano Ronaldo. O portugu\u00eas deixou no ar a possibilidade logo ap\u00f3s a conquista da Liga dos Campe\u00f5es, o que n\u00e3o caiu bem na diretoria merengue. Na \u00faltima quinta-feira, o jornal &#8220;Record&#8221; afirma que a decis\u00e3o do gajo de sair \u00e9 &#8220;irrevers\u00edvel&#8221;.<\/p>\n<p>O &#8220;Mundo Deportivo&#8221; afirma ainda que Neymar n\u00e3o se adaptou ao PSG e teria se arrependido de deixar o Barcelona para atuar em um campeonato de menor express\u00e3o na Europa, como \u00e9 o Franc\u00eas.<\/p>\n<p>O PSG, por sua vez, deve fazer jogo duro e n\u00e3o vai liberar facilmente o seu principal jogador. No in\u00edcio da \u00faltima temporada, o clube pagou 222 milh\u00f5es de euros (R$ 1,02 bilh\u00e3o) e tirou o brasileiro do Barcelona. Segundo a imprensa espanhola, para contrat\u00e1-lo, o Real Madrid teria que desembolsar algo em torno de 400 milh\u00f5es de euros (R$ 1,84 bilh\u00e3o).<\/p>\n<p><strong>T\u00c9CNICO DO PSG VISITA NEYMAR<\/strong><\/p>\n<p>Novo t\u00e9cnico do PSG, Thomas Tuchel aproveitou ida \u00e0 Inglaterra para estreitar la\u00e7os com o principal jogador da equipe francesa. Ele esteve com o craque em Liverpool, onde a Sele\u00e7\u00e3o Brasileira enfrentou a Cro\u00e1cia e venceu por 2 a 0, segundo informou o &#8220;Globoesporte.com&#8221;.<\/p>\n<p>A visita tamb\u00e9m foi uma forma de conter o ass\u00e9dio do Real Madrid em Neymar, por conta da ida de Florentino P\u00e9rez a Londres. O brasileiro teria gostado do encontro com Tuchel. O antecessor do alem\u00e3o n\u00e3o teve pulso firme e acabou desgastado na rela\u00e7\u00e3o com os astros da equipe, inclusive o camisa 10.<\/p>\n<p>A miss\u00e3o de Tuchel e Neymar \u00e9 ganhar a Liga dos Campe\u00f5es, que passou longe na \u00faltima temporada, quando o PSG caiu nas oitavas de final para o Real Madrid.<\/p>\n<p>Tuchel e pessoas ligadas ao Real Madrid estiveram em Anfield Road no \u00faltimo domingo para acompanhar o retorno de Neymar aos campos, ap\u00f3s mais de tr\u00eas meses parado por conta de cirurgia no p\u00e9 esquerdo. O atacante entrou no intervalo e fez o primeiro gol da vit\u00f3ria da Sele\u00e7\u00e3o Brasileira sobre a Cro\u00e1cia por 2 a 0.<\/p>\n<p><strong>CARIRI EM A\u00c7\u00c3O<\/strong><\/p>\n<p>Com Lance\/Foto: Reprodu\u00e7\u00e3o Internet<\/p>\n<p>Leia mais not\u00edcias em\u00a0<a href=\"http:\/\/www.caririemacao.com\/\">caririemacao.com<\/a>, siga nossa p\u00e1gina no\u00a0<a href=\"https:\/\/www.facebook.com\/CaririEmAcao\/?ref=aymt_homepage_panel\">Facebook<\/a>,\u00a0<a href=\"https:\/\/www.instagram.com\/cariri_em_acao\/?hl=pt-br\">Instagram<\/a>\u00a0e\u00a0<a href=\"https:\/\/www.youtube.com\/channel\/UCAptA0jQuYQy8vMhLt2m4qg\">Youtube<\/a>\u00a0e veja nossas mat\u00e9rias, v\u00eddeos e fotos. Voc\u00ea tamb\u00e9m pode enviar informa\u00e7\u00f5es \u00e0 Reda\u00e7\u00e3o do Portal Cariri em A\u00e7\u00e3o pelo WhatsApp (83) 9 9634.5791, (83) 9 9601-1162.<\/p>\n","protected":false},"excerpt":{"rendered":"<p>A poss\u00edvel ida de Neymar para o Real Madrid come\u00e7a a esquentar na Europa. Segundo o jornal &#8220;Mundo Deportivo&#8221;, o presidente Florentino P\u00e9rez est\u00e1 disposto&hellip; <\/p>\n","protected":false},"author":2,"featured_media":1107,"comment_status":"closed","ping_status":"closed","sticky":false,"template":"","format":"standard","meta":{"sfsi_plus_gutenberg_text_before_share":"","sfsi_plus_gutenberg_show_text_before_share":"","sfsi_plus_gutenberg_icon_type":"","sfsi_plus_gutenberg_icon_alignemt":"","sfsi_plus_gutenburg_max_per_row":"","footnotes":""},"categories":[13],"tags":[],"class_list":["post-53647","post","type-post","status-publish","format-standard","has-post-thumbnail","hentry","category-esportes"],"_links":{"self":[{"href":"https:\/\/www.caririemacao.com\/1\/wp-json\/wp\/v2\/posts\/53647","targetHints":{"allow":["GET"]}}],"collection":[{"href":"https:\/\/www.caririemacao.com\/1\/wp-json\/wp\/v2\/posts"}],"about":[{"href":"https:\/\/www.caririemacao.com\/1\/wp-json\/wp\/v2\/types\/post"}],"author":[{"embeddable":true,"href":"https:\/\/www.caririemacao.com\/1\/wp-json\/wp\/v2\/users\/2"}],"replies":[{"embeddable":true,"href":"https:\/\/www.caririemacao.com\/1\/wp-json\/wp\/v2\/comments?post=53647"}],"version-history":[{"count":0,"href":"https:\/\/www.caririemacao.com\/1\/wp-json\/wp\/v2\/posts\/53647\/revisions"}],"wp:featuredmedia":[{"embeddable":true,"href":"https:\/\/www.caririemacao.com\/1\/wp-json\/wp\/v2\/media\/1107"}],"wp:attachment":[{"href":"https:\/\/www.caririemacao.com\/1\/wp-json\/wp\/v2\/media?parent=53647"}],"wp:term":[{"taxonomy":"category","embeddable":true,"href":"https:\/\/www.caririemacao.com\/1\/wp-json\/wp\/v2\/categories?post=53647"},{"taxonomy":"post_tag","embeddable":true,"href":"https:\/\/www.caririemacao.com\/1\/wp-json\/wp\/v2\/tags?post=53647"}],"curies":[{"name":"wp","href":"https:\/\/api.w.org\/{rel}","templated":true}]}}