{"id":53649,"date":"2018-06-08T19:22:13","date_gmt":"2018-06-08T22:22:13","guid":{"rendered":"http:\/\/caririemacao.com\/1\/?p=53649"},"modified":"2018-06-08T19:22:13","modified_gmt":"2018-06-08T22:22:13","slug":"com-neymar-tite-tera-time-ideal-de-forma-inedita-contra-a-austria","status":"publish","type":"post","link":"https:\/\/www.caririemacao.com\/1\/2018\/06\/08\/com-neymar-tite-tera-time-ideal-de-forma-inedita-contra-a-austria\/","title":{"rendered":"Com Neymar, Tite ter\u00e1 time ideal de forma in\u00e9dita contra a \u00c1ustria"},"content":{"rendered":"<p>\u00c0s 11 horas (de Bras\u00edlia) deste domingo, em Viena, a Sele\u00e7\u00e3o Brasileira encara a \u00c1ustria no \u00faltimo amistoso antes da estreia na Copa do Mundo. Com\u00a0Neymar \u00e0 disposi\u00e7\u00e3o, Tite poder\u00e1 escalar pela primeira vez o time que considera ideal desde o in\u00edcio de uma partida.<\/p>\n<p>O treinador brasileiro pretende mandar a campo a seguinte forma\u00e7\u00e3o: Alisson; Danilo, Thiago Silva, Miranda e Marcelo; Casemiro; Willian, Paulinho, Philippe Coutinho e Neymar; Gabriel Jesus. Fernandinho, titular contra a Cro\u00e1cia, fica apenas como alternativa.<\/p>\n<p>Contratado para dirigir a Sele\u00e7\u00e3o Brasileira em junho do ano passado, Tite acumula 20 partidas pela equipe nacional (16 vit\u00f3rias, tr\u00eas empates e uma derrota). At\u00e9 o momento, o treinador ainda n\u00e3o conseguiu escalar a equipe que considera ideal.<\/p>\n<p>Neymar, vitimado por uma fissura no quinto metatarso do p\u00e9 direito no \u00faltimo dia 25 de fevereiro, passou por cirurgia em 3 de mar\u00e7o. O amistoso contra a \u00c1ustria ser\u00e1 a primeira partida do atacante do Paris Saint-Germain (PSG) como titular desde a les\u00e3o.<\/p>\n<p>Na lateral direita, Tite foi obrigado a promover uma altera\u00e7\u00e3o, j\u00e1 que o experiente Daniel Alves sofreu les\u00e3o pouco antes da convoca\u00e7\u00e3o para a Copa do Mundo. Escolhido para assumir a posi\u00e7\u00e3o na equipe titular, Danilo disputou apenas duas partidas na gest\u00e3o atual.<\/p>\n<p>A tend\u00eancia \u00e9 que o time titular no amistoso contra a \u00c1ustria seja mantido por Tite para a estreia na Copa do Mundo da R\u00fassia. \u00c0s 15 horas (de Bras\u00edlia) do dia 17 de junho, pela primeira rodada do Grupo E, a Sele\u00e7\u00e3o Brasileira enfrenta a Su\u00ed\u00e7a, em Rostov.<\/p>\n<p><strong>CARIRI EM A\u00c7\u00c3O<\/strong><\/p>\n<p>Com Gazeta esportiva\/Foto: Reprodu\u00e7\u00e3o Internet<\/p>\n<p>Leia mais not\u00edcias em\u00a0<a href=\"http:\/\/www.caririemacao.com\/\">caririemacao.com<\/a>, siga nossa p\u00e1gina no\u00a0<a href=\"https:\/\/www.facebook.com\/CaririEmAcao\/?ref=aymt_homepage_panel\">Facebook<\/a>,\u00a0<a href=\"https:\/\/www.instagram.com\/cariri_em_acao\/?hl=pt-br\">Instagram<\/a>\u00a0e\u00a0<a href=\"https:\/\/www.youtube.com\/channel\/UCAptA0jQuYQy8vMhLt2m4qg\">Youtube<\/a>\u00a0e veja nossas mat\u00e9rias, v\u00eddeos e fotos. Voc\u00ea tamb\u00e9m pode enviar informa\u00e7\u00f5es \u00e0 Reda\u00e7\u00e3o do Portal Cariri em A\u00e7\u00e3o pelo WhatsApp (83) 9 9634.5791, (83) 9 9601-1162.<\/p>\n","protected":false},"excerpt":{"rendered":"<p>\u00c0s 11 horas (de Bras\u00edlia) deste domingo, em Viena, a Sele\u00e7\u00e3o Brasileira encara a \u00c1ustria no \u00faltimo amistoso antes da estreia na Copa do Mundo.&hellip; <\/p>\n","protected":false},"author":2,"featured_media":53650,"comment_status":"closed","ping_status":"closed","sticky":false,"template":"","format":"standard","meta":{"sfsi_plus_gutenberg_text_before_share":"","sfsi_plus_gutenberg_show_text_before_share":"","sfsi_plus_gutenberg_icon_type":"","sfsi_plus_gutenberg_icon_alignemt":"","sfsi_plus_gutenburg_max_per_row":"","footnotes":""},"categories":[13],"tags":[],"class_list":["post-53649","post","type-post","status-publish","format-standard","has-post-thumbnail","hentry","category-esportes"],"_links":{"self":[{"href":"https:\/\/www.caririemacao.com\/1\/wp-json\/wp\/v2\/posts\/53649","targetHints":{"allow":["GET"]}}],"collection":[{"href":"https:\/\/www.caririemacao.com\/1\/wp-json\/wp\/v2\/posts"}],"about":[{"href":"https:\/\/www.caririemacao.com\/1\/wp-json\/wp\/v2\/types\/post"}],"author":[{"embeddable":true,"href":"https:\/\/www.caririemacao.com\/1\/wp-json\/wp\/v2\/users\/2"}],"replies":[{"embeddable":true,"href":"https:\/\/www.caririemacao.com\/1\/wp-json\/wp\/v2\/comments?post=53649"}],"version-history":[{"count":0,"href":"https:\/\/www.caririemacao.com\/1\/wp-json\/wp\/v2\/posts\/53649\/revisions"}],"wp:featuredmedia":[{"embeddable":true,"href":"https:\/\/www.caririemacao.com\/1\/wp-json\/wp\/v2\/media\/53650"}],"wp:attachment":[{"href":"https:\/\/www.caririemacao.com\/1\/wp-json\/wp\/v2\/media?parent=53649"}],"wp:term":[{"taxonomy":"category","embeddable":true,"href":"https:\/\/www.caririemacao.com\/1\/wp-json\/wp\/v2\/categories?post=53649"},{"taxonomy":"post_tag","embeddable":true,"href":"https:\/\/www.caririemacao.com\/1\/wp-json\/wp\/v2\/tags?post=53649"}],"curies":[{"name":"wp","href":"https:\/\/api.w.org\/{rel}","templated":true}]}}