{"id":53652,"date":"2018-06-08T19:27:33","date_gmt":"2018-06-08T22:27:33","guid":{"rendered":"http:\/\/caririemacao.com\/1\/?p=53652"},"modified":"2018-06-08T19:27:33","modified_gmt":"2018-06-08T22:27:33","slug":"pt-pede-que-lula-de-entrevistas-e-diz-que-mantera-candidatura-mesmo-sem-registro","status":"publish","type":"post","link":"https:\/\/www.caririemacao.com\/1\/2018\/06\/08\/pt-pede-que-lula-de-entrevistas-e-diz-que-mantera-candidatura-mesmo-sem-registro\/","title":{"rendered":"PT pede que Lula d\u00ea entrevistas e diz que manter\u00e1 candidatura mesmo sem registro"},"content":{"rendered":"<p>O PT recorreu \u00e0 Justi\u00e7a Federal em Curitiba para que o ex-presidente\u00a0Luiz In\u00e1cio Lula da Silva, condenado e preso na Opera\u00e7\u00e3o Lava Jato, d\u00ea entrevistas e fa\u00e7a pronunciamentos como candidato a presidente da Rep\u00fablica mesmo preso. Al\u00e9m disso, a presidente nacional do partido, senadora\u00a0Gleisi Hoffmann\u00a0(PR), afirmou nesta sexta-feira, 8, que Lula ser\u00e1 candidato ainda que a Justi\u00e7a Eleitoral negue o registro de sua candidatura.<\/p>\n<p>&#8220;Lula est\u00e1 com seus direitos pol\u00edticos em exerc\u00edcio. Ele tem direito a falar, a se manifestar&#8221;, disse Gleisi, ao justificar o pedido feito \u00e0 Vara de Execu\u00e7\u00f5es Penais da Justi\u00e7a Federal. A presidente da legenda concedeu uma entrevista coletiva em Contagem (MG), onde o partido promove nesta sexta-feira um ato de &#8220;lan\u00e7amento oficial&#8221; da pr\u00e9-candidatura de Lula ao Planalto.<\/p>\n<div class=\"mm_conteudo blog-multimidia foto loaded\" data-config=\"{&quot;tipo&quot;:&quot;FOTO&quot;,&quot;id&quot;:&quot;864570&quot;,&quot;provider&quot;:&quot;AGILE&quot;}\">\n<figure class=\"n--noticia__image modulo-noticia\"><figcaption>Gleisi Hoffmann visita acampamento de militantes pr\u00f3ximo \u00e0 Superintend\u00eancia da Pol\u00edcia Federal em Curitiba onde Lula passou a cumprir pena.\u00a0 Foto: JF DIORIO\/ESTAD\u00c3O<\/figcaption><\/figure>\n<\/div>\n<p>Mesmo se a Justi\u00e7a negar a possibilidade, disse Gleisi, a campanha continuar\u00e1. &#8220;Vamos fazer campanha independentemente das falas do presidente, ele vai escrever e todas as lideran\u00e7as v\u00e3o falar por ele.&#8221;<\/p>\n<p>A senadora disse que o Tribunal Superior Eleitoral (TSE) n\u00e3o poderia negar o registro de Lula, mesmo com o petista condenado em segunda inst\u00e2ncia e podendo ser enquadrado na Lei da Ficha Limpa. &#8220;Enquanto tem recursos fundamentados nas inst\u00e2ncias superiores, teria que ser feita a candidatura. N\u00f3s poder\u00edamos definir inclusive que ele fa\u00e7a a disputa sem o registro&#8221;, disse.<\/p>\n<p>Na tese de Gleisi, Lula poderia ir para a urna, ser eleito e diplomado enquanto seus recursos n\u00e3o s\u00e3o julgados pelo Supremo Tribunal Federal (STF). O PT, afirmou a presidente, est\u00e1 formulando um parecer levantando casos de outros pol\u00edticos que tiveram suas situa\u00e7\u00f5es jur\u00eddicas revertidas ap\u00f3s a elei\u00e7\u00e3o e tomaram posse.<\/p>\n<p>Negando qualquer alternativa \u00e0 candidatura de Lula, Gleisi diz que o PT conversa com outros partidos do campo da esquerda e que a articula\u00e7\u00e3o pode levar a uma composi\u00e7\u00e3o eleitoral. Mesmo n\u00e3o admitindo que Lula pode n\u00e3o ser candidato, a dirigente afirmou que, &#8220;em qualquer circunst\u00e2ncia&#8221;, a palavra final sobre a movimenta\u00e7\u00e3o do PT ser\u00e1 dada pelo ex-presidente.<\/p>\n<p>Perguntada sobre uma alian\u00e7a com o PSB em Minas Gerais, Gleisi Hoffmann disse que o PT conversa com a legenda e que as alian\u00e7as locais v\u00e3o ser definidas em raz\u00e3o de uma alian\u00e7a nacional.<\/p>\n<p>O governador do Cear\u00e1, Camilo Santana, confirmou presen\u00e7a no evento de lan\u00e7amento da candidatura de Lula. De acordo com a senadora, mesmo com a proximidade entre Santana e Ciro Gomes, o governador garantiu o apoio ao ex-presidente Lula.<\/p>\n<p><strong>CARIRI EM A\u00c7\u00c3O<\/strong><\/p>\n<p>Com Estad\u00e3o\/Foto: Reprodu\u00e7\u00e3o Internet<\/p>\n<p>Leia mais not\u00edcias em\u00a0<a href=\"http:\/\/www.caririemacao.com\/\">caririemacao.com<\/a>, siga nossa p\u00e1gina no\u00a0<a href=\"https:\/\/www.facebook.com\/CaririEmAcao\/?ref=aymt_homepage_panel\">Facebook<\/a>,\u00a0<a href=\"https:\/\/www.instagram.com\/cariri_em_acao\/?hl=pt-br\">Instagram<\/a>\u00a0e\u00a0<a href=\"https:\/\/www.youtube.com\/channel\/UCAptA0jQuYQy8vMhLt2m4qg\">Youtube<\/a>\u00a0e veja nossas mat\u00e9rias, v\u00eddeos e fotos. Voc\u00ea tamb\u00e9m pode enviar informa\u00e7\u00f5es \u00e0 Reda\u00e7\u00e3o do Portal Cariri em A\u00e7\u00e3o pelo WhatsApp (83) 9 9634.5791, (83) 9 9601-1162.<\/p>\n","protected":false},"excerpt":{"rendered":"<p>O PT recorreu \u00e0 Justi\u00e7a Federal em Curitiba para que o ex-presidente\u00a0Luiz In\u00e1cio Lula da Silva, condenado e preso na Opera\u00e7\u00e3o Lava Jato, d\u00ea entrevistas&hellip; <\/p>\n","protected":false},"author":2,"featured_media":46842,"comment_status":"closed","ping_status":"closed","sticky":false,"template":"","format":"standard","meta":{"sfsi_plus_gutenberg_text_before_share":"","sfsi_plus_gutenberg_show_text_before_share":"","sfsi_plus_gutenberg_icon_type":"","sfsi_plus_gutenberg_icon_alignemt":"","sfsi_plus_gutenburg_max_per_row":"","footnotes":""},"categories":[11],"tags":[],"class_list":["post-53652","post","type-post","status-publish","format-standard","has-post-thumbnail","hentry","category-politica"],"_links":{"self":[{"href":"https:\/\/www.caririemacao.com\/1\/wp-json\/wp\/v2\/posts\/53652","targetHints":{"allow":["GET"]}}],"collection":[{"href":"https:\/\/www.caririemacao.com\/1\/wp-json\/wp\/v2\/posts"}],"about":[{"href":"https:\/\/www.caririemacao.com\/1\/wp-json\/wp\/v2\/types\/post"}],"author":[{"embeddable":true,"href":"https:\/\/www.caririemacao.com\/1\/wp-json\/wp\/v2\/users\/2"}],"replies":[{"embeddable":true,"href":"https:\/\/www.caririemacao.com\/1\/wp-json\/wp\/v2\/comments?post=53652"}],"version-history":[{"count":0,"href":"https:\/\/www.caririemacao.com\/1\/wp-json\/wp\/v2\/posts\/53652\/revisions"}],"wp:featuredmedia":[{"embeddable":true,"href":"https:\/\/www.caririemacao.com\/1\/wp-json\/wp\/v2\/media\/46842"}],"wp:attachment":[{"href":"https:\/\/www.caririemacao.com\/1\/wp-json\/wp\/v2\/media?parent=53652"}],"wp:term":[{"taxonomy":"category","embeddable":true,"href":"https:\/\/www.caririemacao.com\/1\/wp-json\/wp\/v2\/categories?post=53652"},{"taxonomy":"post_tag","embeddable":true,"href":"https:\/\/www.caririemacao.com\/1\/wp-json\/wp\/v2\/tags?post=53652"}],"curies":[{"name":"wp","href":"https:\/\/api.w.org\/{rel}","templated":true}]}}