{"id":53654,"date":"2018-06-08T19:29:51","date_gmt":"2018-06-08T22:29:51","guid":{"rendered":"http:\/\/caririemacao.com\/1\/?p=53654"},"modified":"2018-06-08T19:29:51","modified_gmt":"2018-06-08T22:29:51","slug":"fies-preenche-35-mil-vagas-financiadas-pela-uniao","status":"publish","type":"post","link":"https:\/\/www.caririemacao.com\/1\/2018\/06\/08\/fies-preenche-35-mil-vagas-financiadas-pela-uniao\/","title":{"rendered":"Fies preenche 35 mil vagas financiadas pela Uni\u00e3o"},"content":{"rendered":"<p>No primeiro semestre de vig\u00eancia, o novo Fundo de Financiamento Estudantil (Fies) preencheu cerca de um ter\u00e7o das vagas financiadas pelo governo, chegando a 35.866 mil.<\/p>\n<p>J\u00e1 a modalidade contratada junto a bancos privados, chamada P-Fies, cuja previs\u00e3o \u00e9 a oferta de 210 mil vagas neste ano, preencheu, at\u00e9 o momento, apenas 800, de acordo com o diretor-executivo da Associa\u00e7\u00e3o Brasileira de Mantenedoras do Ensino Superior (Abmes), S\u00f3lon Caldas.<\/p>\n<p>O\u00a0novo Fies\u00a0foi anunciado no ano passado. O programa passou a ter uma modalidade financiada diretamente pela Uni\u00e3o, voltada para estudantes com renda familiar per capita mensal de at\u00e9 tr\u00eas sal\u00e1rios m\u00ednimos, ou seja R$ 2.862. No total, s\u00e3o ofertadas 100 mil vagas nesta modalidade, das quais foram preenchidas mais de 35.866 mil no processo seletivo do primeiro semestre. Mais 16.351 vagas est\u00e3o em contrata\u00e7\u00e3o, ainda em curso, no \u00e2mbito do processo seletivo para vagas remanescentes.<\/p>\n<p>As outras duas modalidades inclu\u00eddas no P-Fies s\u00e3o financiadas com recursos de fundos constitucionais regionais e do Banco Nacional de Desenvolvimento Econ\u00f4mico e Social (BNDES). O risco de cr\u00e9dito \u00e9 assumido pelos bancos. As modalidades, no entanto, n\u00e3o foram muito procuradas no primeiro semestre.<\/p>\n<p>Segundo S\u00f3lon, parte da baixa ades\u00e3o ao P-Fies se deu por fatores econ\u00f4micos. Com os altos \u00edndices de desemprego, os estudantes n\u00e3o conseguem assumir d\u00edvidas, em parte porque as regras e os sistemas ainda estavam sendo adequados para a oferta das vagas. O balan\u00e7o refere-se aos n\u00fameros de cerca de duas semanas atr\u00e1s. O processo seletivo para vagas remanescentes ainda est\u00e1 aberto e o n\u00famero de contratos pode aumentar.<\/p>\n<p>&#8220;O P-Fies precisa ser melhor comunicado, tanto para agentes financeiros, quanto para institui\u00e7\u00f5es e para a sociedade. &#8220;\u00c9 preciso fazer uma campanha grande, com governo, com o setor, com bancos, para mostrar como funciona.&#8221;<\/p>\n<p>Para se candidatar ao P-Fies, o estudante precisa dizer, na hora da inscri\u00e7\u00e3o, que tem interesse na modalidade. Ele precisa, ent\u00e3o, preencher um question\u00e1rio, que ser\u00e1 encaminhado para a an\u00e1lise e aprova\u00e7\u00e3o dos bancos.<\/p>\n<h2>Ades\u00e3o maior no segundo semestre<\/h2>\n<p>Para o diretor de vendas e marketing do Pravaler, empresa que oferece financiamento estudantil, Rafael Baddini, a expectativa \u00e9 que mais contratos sejam fechados no segundo semestre pelo P-Fies. Segundo Baddini, a Pravaler \u00e9 respons\u00e1vel por cerca de 90% dos cr\u00e9ditos aprovados pela modalidade privada.<\/p>\n<p>&#8220;Essa rodada foi mais de aprendizado, porque o programa estava saindo do ch\u00e3o. Acho que esse era o ponto mais importante. Pode n\u00e3o parecer, mas, por tr\u00e1s, voc\u00ea tem que ligar o sitema dos bancos com o MEC, t\u00eam portarias que precisam ser definidas. O programa saiu do ch\u00e3o&#8221;, afirmou.<\/p>\n<h2>Prazo<\/h2>\n<p>Est\u00e1 aberto desde ontem (7) o prazo para que os agentes financeiros operadores de cr\u00e9dito, interessados em participar do P-Fies no segundo semestre, fa\u00e7am o cadastro na internet, no\u00a0site\u00a0do Fies. O prazo termina no dia 11 de junho. J\u00e1 o prazo para as mantenedoras de ensino manifestarem interesse em participar do programa \u00e9 de 12 a 20 de junho.<\/p>\n<h2>Fies<\/h2>\n<p>O Fies oferece financiamento para vagas em institui\u00e7\u00f5es privadas de ensino superior. Para concorrer \u00e0s vagas, o estudante precisa ter tirado pelo menos 450 pontos na m\u00e9dia das provas e n\u00e3o podem ter zerado a reda\u00e7\u00e3o no Exame Nacional de Ensino M\u00e9dio (Enem), em uma ou mais edi\u00e7\u00f5es desde 2010.<\/p>\n<p>A porcentagem de financiamento \u00e9 calculada de acordo com o comprometimento da renda do aluno, o valor do curso e comprometimento da renda no pagamento das aulas. O estudante dever\u00e1 iniciar o pagamento no m\u00eas seguinte ao t\u00e9rmino do curso, desde que esteja empregado. O prazo m\u00e1ximo para pagamento \u00e9 de 14 anos.<\/p>\n<p>As taxas de juros do P-Fies s\u00e3o determinadas pela pol\u00edtica de cr\u00e9dito dos fundos constitucionais administrados pelos bancos regionais.<\/p>\n<p><em>*A rep\u00f3rter viajou a convite da ABMES para acompanhar o XI Congresso Brasileiro da Educa\u00e7\u00e3o Superior Particular.<\/em><\/p>\n<p><strong>CARIRI EM A\u00c7\u00c3O<\/strong><\/p>\n<p>Com Ag\u00eancia Brail\/Foto: Reprodu\u00e7\u00e3o Internet<\/p>\n<p>Leia mais not\u00edcias em\u00a0<a href=\"http:\/\/www.caririemacao.com\/\">caririemacao.com<\/a>, siga nossa p\u00e1gina no\u00a0<a href=\"https:\/\/www.facebook.com\/CaririEmAcao\/?ref=aymt_homepage_panel\">Facebook<\/a>,\u00a0<a href=\"https:\/\/www.instagram.com\/cariri_em_acao\/?hl=pt-br\">Instagram<\/a>\u00a0e\u00a0<a href=\"https:\/\/www.youtube.com\/channel\/UCAptA0jQuYQy8vMhLt2m4qg\">Youtube<\/a>\u00a0e veja nossas mat\u00e9rias, v\u00eddeos e fotos. Voc\u00ea tamb\u00e9m pode enviar informa\u00e7\u00f5es \u00e0 Reda\u00e7\u00e3o do Portal Cariri em A\u00e7\u00e3o pelo WhatsApp (83) 9 9634.5791, (83) 9 9601-1162.<\/p>\n","protected":false},"excerpt":{"rendered":"<p>No primeiro semestre de vig\u00eancia, o novo Fundo de Financiamento Estudantil (Fies) preencheu cerca de um ter\u00e7o das vagas financiadas pelo governo, chegando a 35.866&hellip; <\/p>\n","protected":false},"author":2,"featured_media":9095,"comment_status":"closed","ping_status":"closed","sticky":false,"template":"","format":"standard","meta":{"sfsi_plus_gutenberg_text_before_share":"","sfsi_plus_gutenberg_show_text_before_share":"","sfsi_plus_gutenberg_icon_type":"","sfsi_plus_gutenberg_icon_alignemt":"","sfsi_plus_gutenburg_max_per_row":"","footnotes":""},"categories":[14],"tags":[],"class_list":["post-53654","post","type-post","status-publish","format-standard","has-post-thumbnail","hentry","category-educacao"],"_links":{"self":[{"href":"https:\/\/www.caririemacao.com\/1\/wp-json\/wp\/v2\/posts\/53654","targetHints":{"allow":["GET"]}}],"collection":[{"href":"https:\/\/www.caririemacao.com\/1\/wp-json\/wp\/v2\/posts"}],"about":[{"href":"https:\/\/www.caririemacao.com\/1\/wp-json\/wp\/v2\/types\/post"}],"author":[{"embeddable":true,"href":"https:\/\/www.caririemacao.com\/1\/wp-json\/wp\/v2\/users\/2"}],"replies":[{"embeddable":true,"href":"https:\/\/www.caririemacao.com\/1\/wp-json\/wp\/v2\/comments?post=53654"}],"version-history":[{"count":0,"href":"https:\/\/www.caririemacao.com\/1\/wp-json\/wp\/v2\/posts\/53654\/revisions"}],"wp:featuredmedia":[{"embeddable":true,"href":"https:\/\/www.caririemacao.com\/1\/wp-json\/wp\/v2\/media\/9095"}],"wp:attachment":[{"href":"https:\/\/www.caririemacao.com\/1\/wp-json\/wp\/v2\/media?parent=53654"}],"wp:term":[{"taxonomy":"category","embeddable":true,"href":"https:\/\/www.caririemacao.com\/1\/wp-json\/wp\/v2\/categories?post=53654"},{"taxonomy":"post_tag","embeddable":true,"href":"https:\/\/www.caririemacao.com\/1\/wp-json\/wp\/v2\/tags?post=53654"}],"curies":[{"name":"wp","href":"https:\/\/api.w.org\/{rel}","templated":true}]}}