{"id":53656,"date":"2018-06-08T19:33:31","date_gmt":"2018-06-08T22:33:31","guid":{"rendered":"http:\/\/caririemacao.com\/1\/?p=53656"},"modified":"2018-06-08T19:33:31","modified_gmt":"2018-06-08T22:33:31","slug":"universidade-estadual-da-paraiba-oferta-mais-de-tres-mil-vagas-atraves-do-sisu","status":"publish","type":"post","link":"https:\/\/www.caririemacao.com\/1\/2018\/06\/08\/universidade-estadual-da-paraiba-oferta-mais-de-tres-mil-vagas-atraves-do-sisu\/","title":{"rendered":"Universidade Estadual da Para\u00edba oferta mais de tr\u00eas mil vagas atrav\u00e9s do Sisu"},"content":{"rendered":"<p>A Pr\u00f3-Reitoria de Gradua\u00e7\u00e3o (PROGRAD) da Universidade Estadual da Para\u00edba (UEPB) publicou edital detalhando as informa\u00e7\u00f5es referentes ao preenchimento das vagas do per\u00edodo letivo 2018.1 da Institui\u00e7\u00e3o, que mais uma vez se dar\u00e1 mediante ades\u00e3o ao Sistema de Sele\u00e7\u00e3o Unificada (SiSU) do Minist\u00e9rio da Educa\u00e7\u00e3o (MEC).<\/p>\n<p>A UEPB vai ofertar 3.077 vagas para seus diversos cursos de gradua\u00e7\u00e3o, nos oito c\u00e2mpus da Universidade, conforme o Termo de Ades\u00e3o aprovado pelo Conselho de Ensino, Pesquisa e Extens\u00e3o (Consepe). A sele\u00e7\u00e3o para preenchimento das vagas disponibilizadas por meio do SiSU ser\u00e1 efetuada exclusivamente com base nos resultados das notas obtidas pelos estudantes no Exame Nacional do Ensino M\u00e9dio (Enem) 2017.<\/p>\n<p>Conforme estabelece o Edital da PROGRAD, os estudantes interessados em concorrer \u00e0s vagas disponibilizadas pela UEPB dever\u00e3o verificar as informa\u00e7\u00f5es constantes do Termo de Ades\u00e3o da Institui\u00e7\u00e3o junto ao SiSU. O documento est\u00e1 dispon\u00edvel no endere\u00e7o eletr\u00f4nico http:\/\/proreitorias.uepb.edu.br\/prograd\/SiSU\/. O cronograma de inscri\u00e7\u00e3o e sele\u00e7\u00e3o dos estudantes est\u00e1 dispon\u00edvel no endere\u00e7o eletr\u00f4nico http:\/\/sisu.mec.gov.br\/. De 12 a 15 de junho, os candidatos devem efetuar inscri\u00e7\u00e3o no SiSU. No dia 18 do mesmo m\u00eas ser\u00e1 divulgada a chamada regular.<\/p>\n<p>A matr\u00edcula dos estudantes selecionados nesta chamada regular realizada pelo MEC para os cursos da UEPB ser\u00e1 realizada entre os dias 22 e 29 de junho (dias \u00fateis). Os estudantes selecionados dever\u00e3o comparecer a Coordena\u00e7\u00e3o do Curso em que se inscreveu portando os seguintes documentos para a matr\u00edcula (com as respectivas c\u00f3pias autenticadas): Certificado de Conclus\u00e3o do Ensino M\u00e9dio e Hist\u00f3rico Escolar; RG; CPF; Prova de quita\u00e7\u00e3o com o Servi\u00e7o Militar (no caso de candidatos do sexo masculino); Registro de Nascimento ou Certid\u00e3o de Casamento, Prova de Quita\u00e7\u00e3o com o TRE (para maiores de 18 anos); e uma foto 3 x4 recente.<\/p>\n<p>Somente ser\u00e1 permitida a matr\u00edcula aos estudantes que apresentarem todos os documentos exigidos no Edital, n\u00e3o sendo permitida a complementa\u00e7\u00e3o de documentos posteriormente. Conforme o cronograma do MEC, entre os dias 18 e 27 de junho, os candidatos dever\u00e3o fazer a declara\u00e7\u00e3o de interesse em participa\u00e7\u00e3o da lista de espera, que ter\u00e1 sua publica\u00e7\u00e3o realizada no dia 3 de julho. As aulas do semestre 2018.1 come\u00e7am no dia 30 de julho. Outras informa\u00e7\u00f5es podem ser obtidas atrav\u00e9s dos telefones (83) 3315-3350 e 3315-3434.<\/p>\n<p><strong>CARIRI EM A\u00c7\u00c3O<\/strong><\/p>\n<p>Com Mais PB\/Foto: Reprodu\u00e7\u00e3o Internet<\/p>\n<p>Leia mais not\u00edcias em\u00a0<a href=\"http:\/\/www.caririemacao.com\/\">caririemacao.com<\/a>, siga nossa p\u00e1gina no\u00a0<a href=\"https:\/\/www.facebook.com\/CaririEmAcao\/?ref=aymt_homepage_panel\">Facebook<\/a>,\u00a0<a href=\"https:\/\/www.instagram.com\/cariri_em_acao\/?hl=pt-br\">Instagram<\/a>\u00a0e\u00a0<a href=\"https:\/\/www.youtube.com\/channel\/UCAptA0jQuYQy8vMhLt2m4qg\">Youtube<\/a>\u00a0e veja nossas mat\u00e9rias, v\u00eddeos e fotos. Voc\u00ea tamb\u00e9m pode enviar informa\u00e7\u00f5es \u00e0 Reda\u00e7\u00e3o do Portal Cariri em A\u00e7\u00e3o pelo WhatsApp (83) 9 9634.5791, (83) 9 9601-1162.<\/p>\n","protected":false},"excerpt":{"rendered":"<p>A Pr\u00f3-Reitoria de Gradua\u00e7\u00e3o (PROGRAD) da Universidade Estadual da Para\u00edba (UEPB) publicou edital detalhando as informa\u00e7\u00f5es referentes ao preenchimento das vagas do per\u00edodo letivo 2018.1&hellip; <\/p>\n","protected":false},"author":2,"featured_media":9765,"comment_status":"closed","ping_status":"closed","sticky":false,"template":"","format":"standard","meta":{"sfsi_plus_gutenberg_text_before_share":"","sfsi_plus_gutenberg_show_text_before_share":"","sfsi_plus_gutenberg_icon_type":"","sfsi_plus_gutenberg_icon_alignemt":"","sfsi_plus_gutenburg_max_per_row":"","footnotes":""},"categories":[14],"tags":[],"class_list":["post-53656","post","type-post","status-publish","format-standard","has-post-thumbnail","hentry","category-educacao"],"_links":{"self":[{"href":"https:\/\/www.caririemacao.com\/1\/wp-json\/wp\/v2\/posts\/53656","targetHints":{"allow":["GET"]}}],"collection":[{"href":"https:\/\/www.caririemacao.com\/1\/wp-json\/wp\/v2\/posts"}],"about":[{"href":"https:\/\/www.caririemacao.com\/1\/wp-json\/wp\/v2\/types\/post"}],"author":[{"embeddable":true,"href":"https:\/\/www.caririemacao.com\/1\/wp-json\/wp\/v2\/users\/2"}],"replies":[{"embeddable":true,"href":"https:\/\/www.caririemacao.com\/1\/wp-json\/wp\/v2\/comments?post=53656"}],"version-history":[{"count":0,"href":"https:\/\/www.caririemacao.com\/1\/wp-json\/wp\/v2\/posts\/53656\/revisions"}],"wp:featuredmedia":[{"embeddable":true,"href":"https:\/\/www.caririemacao.com\/1\/wp-json\/wp\/v2\/media\/9765"}],"wp:attachment":[{"href":"https:\/\/www.caririemacao.com\/1\/wp-json\/wp\/v2\/media?parent=53656"}],"wp:term":[{"taxonomy":"category","embeddable":true,"href":"https:\/\/www.caririemacao.com\/1\/wp-json\/wp\/v2\/categories?post=53656"},{"taxonomy":"post_tag","embeddable":true,"href":"https:\/\/www.caririemacao.com\/1\/wp-json\/wp\/v2\/tags?post=53656"}],"curies":[{"name":"wp","href":"https:\/\/api.w.org\/{rel}","templated":true}]}}