{"id":53658,"date":"2018-06-08T19:39:16","date_gmt":"2018-06-08T22:39:16","guid":{"rendered":"http:\/\/caririemacao.com\/1\/?p=53658"},"modified":"2018-06-08T19:39:16","modified_gmt":"2018-06-08T22:39:16","slug":"temer-muitas-vezes-aqui-no-brasil-nos-temos-um-certo-pessimismo","status":"publish","type":"post","link":"https:\/\/www.caririemacao.com\/1\/2018\/06\/08\/temer-muitas-vezes-aqui-no-brasil-nos-temos-um-certo-pessimismo\/","title":{"rendered":"Temer: &#8216;Muitas vezes aqui no Brasil n\u00f3s temos um certo pessimismo&#8217;"},"content":{"rendered":"<p><span class=\"news_capital_letter\">E<\/span>m meio \u00e0 volatilidade do mercado financeiro, com Banco Central tendo de intervir para conter a escalada do d\u00f3lar, as incertezas eleitorais e repique da infla\u00e7\u00e3o, al\u00e9m da crise dos transportes de cargas que ainda ronda o governo, o presidente Michel Temer (MDB) afirmou nesta sexta-feira (8) que o Brasil precisa ter mais &#8220;otimismo&#8221;.<\/p>\n<p>A declara\u00e7\u00e3o foi feita durante cerim\u00f4nia em Iper\u00f3, no interior de S\u00e3o Paulo, onde Temer lan\u00e7ou a pedra fundamental de um projeto de energia no Centro Industrial Nuclear de Aramar. Ele disse que presidentes de outros pa\u00edses da Am\u00e9rica Latina t\u00eam &#8220;admira\u00e7\u00e3o&#8221; pelo Brasil.<\/p>\n<p>&#8220;Precisamos ter o otimismo que eu encontrei recentemente na C\u00fapula das Am\u00e9ricas, em Lima, no Peru, quando em contato com 12 ou 13 chefes de estado verifiquei a administra\u00e7\u00e3o extraordin\u00e1ria que eles t\u00eam pelo nosso pa\u00eds. Um otimismo at\u00e9 quase exagerado&#8221;, afirmou.<\/p>\n<p>O emedebista disse que foi interpelado por Mauricio Macri, presidente da Argentina.<\/p>\n<p>&#8220;Ele me chamou de lado e perguntou: &#8216;como voc\u00ea conseguiu trazer o Brasil para uma infla\u00e7\u00e3o de 3%? Como voc\u00ea conseguiu fazer uma grande moderniza\u00e7\u00e3o trabalhista? Como voc\u00ea conseguiu fazer esse teto dos gastos p\u00fablicos, reformular todo ensino m\u00e9dio do pa\u00eds? L\u00e1 [na Argentina] temos uma infla\u00e7\u00e3o de 25%, os juros a quase 40%&#8217;.&#8221;<\/p>\n<p>&#8220;Eu disse, &#8216;presidente Macri, no Brasil n\u00f3s temos como fundamento b\u00e1sico do governo a palavra di\u00e1logo. N\u00f3s temos di\u00e1logo n\u00e3o s\u00f3 com o Congresso, que nos d\u00e1 muito apoio, mas com toda a sociedade'&#8221;, afirmou Temer.<\/p>\n<p>O presidente ainda disse: &#8220;O interessante \u00e9 que eu vi em todos esses l\u00edderes o otimismo e a admira\u00e7\u00e3o em rela\u00e7\u00e3o ao nosso pa\u00eds. E muitas vezes aqui no Brasil n\u00f3s temos um certo pessimismo.&#8221;<\/p>\n<p><span class=\"news_bold\">Reator nuclear<\/span><\/p>\n<p>Temer fez, nesta sexta, o lan\u00e7amento das obras para constru\u00e7\u00e3o de um complexo para o Reator Multiprop\u00f3sito Brasileiro (RMB) e iniciou os testes de equipamentos do Laborat\u00f3rio de Gera\u00e7\u00e3o de Energia Nucleoel\u00e9trica (Labgene), do programa nuclear da Marinha.<\/p>\n<p>O reator, segundo o governo, dar\u00e1 autossufici\u00eancia ao Brasil na produ\u00e7\u00e3o de insumos necess\u00e1rios para a fabrica\u00e7\u00e3o de f\u00e1rmacos utilizados no tratamento de doen\u00e7as card\u00edacas, oncol\u00f3gicas e neurol\u00f3gicas, entre outras.<\/p>\n<p>J\u00e1 o Labgene \u00e9 um prot\u00f3tipo da planta para o futuro submarino com propuls\u00e3o nuclear do Brasil.<\/p>\n<p>O complexo do RMB ser\u00e1 constru\u00eddo em \u00e1rea de 2,04 milh\u00f5es de metros quadrados em Iper\u00f3. O terreno foi cedido pela Marinha do Brasil e pelo governo de S\u00e3o Paulo, conforme a institui\u00e7\u00e3o militar. O local reunir\u00e1, al\u00e9m do reator, todos os laborat\u00f3rios necess\u00e1rios para seu funcionamento.<\/p>\n<p>&#8220;Ser\u00e1 o catalisador para um grande centro de pesquisa nacional de aplica\u00e7\u00e3o de radia\u00e7\u00e3o&#8221;, informou a Marinha em nota.<\/p>\n<p>A produ\u00e7\u00e3o de radiois\u00f3topos, insumos que hoje s\u00e3o importados, reduzir\u00e1 o risco de desabastecimento e os custos de fabrica\u00e7\u00e3o dos medicamentos no pa\u00eds, conforme o governo federal.<\/p>\n<p>&#8220;Al\u00e9m de ganharmos essa autonomia, vamos poder ampliar o atendimento p\u00fablico de sa\u00fade, levando os benef\u00edcios desse projeto e da medicina nuclear para milh\u00f5es de brasileiros&#8221;, afirmou Gilberto Kassab, ministro da Ci\u00eancia, Tecnologia, Inova\u00e7\u00f5es e Comunica\u00e7\u00f5es.<\/p>\n<p>Em mar\u00e7o deste ano, o Minist\u00e9rio da Sa\u00fade firmou acordo com a Amazul (Amaz\u00f4nia Azul Tecnologias de Defesa) para aporte de R$ 750 milh\u00f5es, at\u00e9 2022, na implanta\u00e7\u00e3o de parte do empreendimento.<\/p>\n<p>O ministro Gilberto Occhi (Sa\u00fade) tamb\u00e9m participou da solenidade e disse que, em 2018, ser\u00e3o aplicados R$ 30 milh\u00f5es (dos R$ 750 milh\u00f5es previstos) no projeto. &#8220;Hoje, s\u00e3o realizados cerca de dois milh\u00f5es de procedimentos m\u00e9dicos [entre eles diagn\u00f3sticos de imagem] em mais de 900 centros de medicina nuclear no Brasil, p\u00fablicos e privados. Com a opera\u00e7\u00e3o do RMB vamos baratear os custos&#8221;, afirmou ele, sem mencionar os gastos atuais nessa \u00e1rea.<\/p>\n<p><span class=\"news_bold\">Submarino nuclear<\/span><\/p>\n<p>O Labgene foi constru\u00eddo, de acordo com a Marinha, para reproduzir em terra os sistemas de propuls\u00e3o que ser\u00e3o instalados no futuro Submarino Nuclear (SN-BR). O laborat\u00f3rio servir\u00e1 tamb\u00e9m de base para outros projetos nucleares do Brasil, entre eles o de freio dinamom\u00e9trico, um motor el\u00e9trico de propuls\u00e3o, turbogeradores e reator.<\/p>\n<p>Quando entrar em plena opera\u00e7\u00e3o, diz o governo, o laborat\u00f3rio ter\u00e1 uma planta com 48 megawatts de pot\u00eancia t\u00e9rmica, o que \u00e9 capaz de alimentar a propuls\u00e3o do submarino, mas tamb\u00e9m \u00e9 suficiente para iluminar uma cidade de aproximadamente 20 mil habitantes.<\/p>\n<p><strong>CARIRI EM A\u00c7\u00c3O<\/strong><\/p>\n<p>Com Folhapress\/Foto: Reprodu\u00e7\u00e3o Internet<\/p>\n<p>Leia mais not\u00edcias em\u00a0<a href=\"http:\/\/www.caririemacao.com\/\">caririemacao.com<\/a>, siga nossa p\u00e1gina no\u00a0<a href=\"https:\/\/www.facebook.com\/CaririEmAcao\/?ref=aymt_homepage_panel\">Facebook<\/a>,\u00a0<a href=\"https:\/\/www.instagram.com\/cariri_em_acao\/?hl=pt-br\">Instagram<\/a>\u00a0e\u00a0<a href=\"https:\/\/www.youtube.com\/channel\/UCAptA0jQuYQy8vMhLt2m4qg\">Youtube<\/a>\u00a0e veja nossas mat\u00e9rias, v\u00eddeos e fotos. Voc\u00ea tamb\u00e9m pode enviar informa\u00e7\u00f5es \u00e0 Reda\u00e7\u00e3o do Portal Cariri em A\u00e7\u00e3o pelo WhatsApp (83) 9 9634.5791, (83) 9 9601-1162.<\/p>\n","protected":false},"excerpt":{"rendered":"<p>Em meio \u00e0 volatilidade do mercado financeiro, com Banco Central tendo de intervir para conter a escalada do d\u00f3lar, as incertezas eleitorais e repique da&hellip; <\/p>\n","protected":false},"author":2,"featured_media":53659,"comment_status":"closed","ping_status":"closed","sticky":false,"template":"","format":"standard","meta":{"sfsi_plus_gutenberg_text_before_share":"","sfsi_plus_gutenberg_show_text_before_share":"","sfsi_plus_gutenberg_icon_type":"","sfsi_plus_gutenberg_icon_alignemt":"","sfsi_plus_gutenburg_max_per_row":"","footnotes":""},"categories":[11],"tags":[],"class_list":["post-53658","post","type-post","status-publish","format-standard","has-post-thumbnail","hentry","category-politica"],"_links":{"self":[{"href":"https:\/\/www.caririemacao.com\/1\/wp-json\/wp\/v2\/posts\/53658","targetHints":{"allow":["GET"]}}],"collection":[{"href":"https:\/\/www.caririemacao.com\/1\/wp-json\/wp\/v2\/posts"}],"about":[{"href":"https:\/\/www.caririemacao.com\/1\/wp-json\/wp\/v2\/types\/post"}],"author":[{"embeddable":true,"href":"https:\/\/www.caririemacao.com\/1\/wp-json\/wp\/v2\/users\/2"}],"replies":[{"embeddable":true,"href":"https:\/\/www.caririemacao.com\/1\/wp-json\/wp\/v2\/comments?post=53658"}],"version-history":[{"count":0,"href":"https:\/\/www.caririemacao.com\/1\/wp-json\/wp\/v2\/posts\/53658\/revisions"}],"wp:featuredmedia":[{"embeddable":true,"href":"https:\/\/www.caririemacao.com\/1\/wp-json\/wp\/v2\/media\/53659"}],"wp:attachment":[{"href":"https:\/\/www.caririemacao.com\/1\/wp-json\/wp\/v2\/media?parent=53658"}],"wp:term":[{"taxonomy":"category","embeddable":true,"href":"https:\/\/www.caririemacao.com\/1\/wp-json\/wp\/v2\/categories?post=53658"},{"taxonomy":"post_tag","embeddable":true,"href":"https:\/\/www.caririemacao.com\/1\/wp-json\/wp\/v2\/tags?post=53658"}],"curies":[{"name":"wp","href":"https:\/\/api.w.org\/{rel}","templated":true}]}}