{"id":53661,"date":"2018-06-08T19:42:09","date_gmt":"2018-06-08T22:42:09","guid":{"rendered":"http:\/\/caririemacao.com\/1\/?p=53661"},"modified":"2018-06-08T19:42:09","modified_gmt":"2018-06-08T22:42:09","slug":"quatro-partidos-vao-anunciar-coligacao-neste-sabado-na-paraiba","status":"publish","type":"post","link":"https:\/\/www.caririemacao.com\/1\/2018\/06\/08\/quatro-partidos-vao-anunciar-coligacao-neste-sabado-na-paraiba\/","title":{"rendered":"Quatro partidos v\u00e3o anunciar coliga\u00e7\u00e3o neste s\u00e1bado na Para\u00edba"},"content":{"rendered":"<p>O Democratas, PPS, Rede e PMN v\u00e3o oficializar a alian\u00e7a proporcional neste s\u00e1bado (9), \u00e0s 9h30, no Hotel Nord Class Tamba\u00fa, em Jo\u00e3o Pessoa.<\/p>\n<p>Essa \u00e9 a primeira coliga\u00e7\u00e3o proporcional a ser fechada para deputados estaduais, para as elei\u00e7\u00f5es de outubro.<\/p>\n<p>O evento vai contar com a presen\u00e7a da Executiva Estadual dos partidos, filiados e pr\u00e9-candidatos, al\u00e9m da participa\u00e7\u00e3o do pr\u00e9-candidato ao Governo Estadual pelo PSB, Jo\u00e3o Azevedo e o pr\u00e9-candidato a senador, Veneziano Vital do R\u00eago (PSB).<\/p>\n<p><strong>CARIRI EM A\u00c7\u00c3O<\/strong><\/p>\n<p>Com Para\u00edba Online\/Foto: Reprodu\u00e7\u00e3o Internet<\/p>\n<p>Leia mais not\u00edcias em\u00a0<a href=\"http:\/\/www.caririemacao.com\/\">caririemacao.com<\/a>, siga nossa p\u00e1gina no\u00a0<a href=\"https:\/\/www.facebook.com\/CaririEmAcao\/?ref=aymt_homepage_panel\">Facebook<\/a>,\u00a0<a href=\"https:\/\/www.instagram.com\/cariri_em_acao\/?hl=pt-br\">Instagram<\/a>\u00a0e\u00a0<a href=\"https:\/\/www.youtube.com\/channel\/UCAptA0jQuYQy8vMhLt2m4qg\">Youtube<\/a>\u00a0e veja nossas mat\u00e9rias, v\u00eddeos e fotos. Voc\u00ea tamb\u00e9m pode enviar informa\u00e7\u00f5es \u00e0 Reda\u00e7\u00e3o do Portal Cariri em A\u00e7\u00e3o pelo WhatsApp (83) 9 9634.5791, (83) 9 9601-1162.<\/p>\n","protected":false},"excerpt":{"rendered":"<p>O Democratas, PPS, Rede e PMN v\u00e3o oficializar a alian\u00e7a proporcional neste s\u00e1bado (9), \u00e0s 9h30, no Hotel Nord Class Tamba\u00fa, em Jo\u00e3o Pessoa. Essa&hellip; <\/p>\n","protected":false},"author":2,"featured_media":6072,"comment_status":"closed","ping_status":"closed","sticky":false,"template":"","format":"standard","meta":{"sfsi_plus_gutenberg_text_before_share":"","sfsi_plus_gutenberg_show_text_before_share":"","sfsi_plus_gutenberg_icon_type":"","sfsi_plus_gutenberg_icon_alignemt":"","sfsi_plus_gutenburg_max_per_row":"","footnotes":""},"categories":[1],"tags":[],"class_list":["post-53661","post","type-post","status-publish","format-standard","has-post-thumbnail","hentry","category-o-site"],"_links":{"self":[{"href":"https:\/\/www.caririemacao.com\/1\/wp-json\/wp\/v2\/posts\/53661","targetHints":{"allow":["GET"]}}],"collection":[{"href":"https:\/\/www.caririemacao.com\/1\/wp-json\/wp\/v2\/posts"}],"about":[{"href":"https:\/\/www.caririemacao.com\/1\/wp-json\/wp\/v2\/types\/post"}],"author":[{"embeddable":true,"href":"https:\/\/www.caririemacao.com\/1\/wp-json\/wp\/v2\/users\/2"}],"replies":[{"embeddable":true,"href":"https:\/\/www.caririemacao.com\/1\/wp-json\/wp\/v2\/comments?post=53661"}],"version-history":[{"count":0,"href":"https:\/\/www.caririemacao.com\/1\/wp-json\/wp\/v2\/posts\/53661\/revisions"}],"wp:featuredmedia":[{"embeddable":true,"href":"https:\/\/www.caririemacao.com\/1\/wp-json\/wp\/v2\/media\/6072"}],"wp:attachment":[{"href":"https:\/\/www.caririemacao.com\/1\/wp-json\/wp\/v2\/media?parent=53661"}],"wp:term":[{"taxonomy":"category","embeddable":true,"href":"https:\/\/www.caririemacao.com\/1\/wp-json\/wp\/v2\/categories?post=53661"},{"taxonomy":"post_tag","embeddable":true,"href":"https:\/\/www.caririemacao.com\/1\/wp-json\/wp\/v2\/tags?post=53661"}],"curies":[{"name":"wp","href":"https:\/\/api.w.org\/{rel}","templated":true}]}}