{"id":53671,"date":"2018-06-08T19:51:25","date_gmt":"2018-06-08T22:51:25","guid":{"rendered":"http:\/\/caririemacao.com\/1\/?p=53671"},"modified":"2018-06-08T19:51:25","modified_gmt":"2018-06-08T22:51:25","slug":"aluno-morre-eletrocutado-ao-atender-celular-que-estava-sendo-carregado","status":"publish","type":"post","link":"https:\/\/www.caririemacao.com\/1\/2018\/06\/08\/aluno-morre-eletrocutado-ao-atender-celular-que-estava-sendo-carregado\/","title":{"rendered":"Aluno morre eletrocutado ao atender celular que estava sendo carregado"},"content":{"rendered":"<div class=\"row news-main-text-container\">\n<div class=\"col-lg-12 col-md-12 col-sm-12 col-xs-12\">\n<div class=\"news-main-text\">\n<p><span class=\"news_capital_letter\">U<\/span>m estudante de 16 anos morreu eletrocutado ao atender o celular enquanto o aparelho estava sendo carregado em um computador de uma escola de Tiangu\u00e1, no noroeste do Cear\u00e1, nesta quinta-feira, 7.<\/p>\n<p>Iago Aguiar Mendes era aluno do 2\u00ba ano do ensino m\u00e9dio do Col\u00e9gio Santa Maria e assistia a uma aula de Inform\u00e1tica quando sofreu a descarga el\u00e9trica. O adolescente chegou a ser socorrido e levado ao Hospital Maternidade Madalena Nunes, mas n\u00e3o resistiu ao choque e morreu.<\/p>\n<p>A Pol\u00edcia Civil de Tiangu\u00e1 informou ao Estado na tarde desta sexta-feira, 8, que ainda aguardava o resultado do laudo do Instituto M\u00e9dico Legal (IML) para confirmar a causa da morte do garoto.<\/p>\n<p>Em sua p\u00e1gina no Facebook, o Col\u00e9gio Santa Maria lamentou o caso. &#8220;Iago esteve conosco desde seus primeiros passos na escola at\u00e9 hoje&#8221;, escreveu a escola. &#8220;O Col\u00e9gio Santa Maria, por meio da dire\u00e7\u00e3o, professores, funcion\u00e1rios, colegas e comunidade, une-se \u00e0 fam\u00edlia de Iago, lamentando profundamente esta fatalidade.&#8221;<\/p>\n<p>Amigos e colegas do adolescente tamb\u00e9m lamentaram nas redes sociais a morte. &#8220;Por que se foi, irm\u00e3o? Quanta saudade vai deixar, n\u00e3o entendi por que teve que ser. Deus est\u00e1 precisando de ti&#8221;, escreveu uma garota no Instagram de Iago.<\/p>\n<p>&#8220;Conhecia esse menino, uma b\u00ean\u00e7\u00e3o do Senhor, estou muito triste, n\u00e3o pensei que esse menino ia nos deixar agora&#8221;, publicou outro adolescente. Com informa\u00e7\u00f5es do Estad\u00e3o Conte\u00fado.<\/p>\n<p class=\"font-700 badges-center\">Seja sempre o primeiro a saber. Baixe o nosso aplicativo gratuito.<\/p>\n<p><strong>CARIRI EM A\u00c7\u00c3O<\/strong><\/p>\n<p>Com Noticia ao minuto\/Foto: Reprodu\u00e7\u00e3o Internet<\/p>\n<p>Leia mais not\u00edcias em\u00a0<a href=\"http:\/\/www.caririemacao.com\/\">caririemacao.com<\/a>, siga nossa p\u00e1gina no\u00a0<a href=\"https:\/\/www.facebook.com\/CaririEmAcao\/?ref=aymt_homepage_panel\">Facebook<\/a>,\u00a0<a href=\"https:\/\/www.instagram.com\/cariri_em_acao\/?hl=pt-br\">Instagram<\/a>\u00a0e\u00a0<a href=\"https:\/\/www.youtube.com\/channel\/UCAptA0jQuYQy8vMhLt2m4qg\">Youtube<\/a>\u00a0e veja nossas mat\u00e9rias, v\u00eddeos e fotos. Voc\u00ea tamb\u00e9m pode enviar informa\u00e7\u00f5es \u00e0 Reda\u00e7\u00e3o do Portal Cariri em A\u00e7\u00e3o pelo WhatsApp (83) 9 9634.5791, (83) 9 9601-1162.<\/p>\n<\/div>\n<\/div>\n<\/div>\n<div class=\"news-related-container\">\n<div class=\"nm-custom-header\"><\/div>\n<\/div>\n","protected":false},"excerpt":{"rendered":"<p>Um estudante de 16 anos morreu eletrocutado ao atender o celular enquanto o aparelho estava sendo carregado em um computador de uma escola de Tiangu\u00e1,&hellip; <\/p>\n","protected":false},"author":2,"featured_media":53672,"comment_status":"closed","ping_status":"closed","sticky":false,"template":"","format":"standard","meta":{"sfsi_plus_gutenberg_text_before_share":"","sfsi_plus_gutenberg_show_text_before_share":"","sfsi_plus_gutenberg_icon_type":"","sfsi_plus_gutenberg_icon_alignemt":"","sfsi_plus_gutenburg_max_per_row":"","footnotes":""},"categories":[12],"tags":[],"class_list":["post-53671","post","type-post","status-publish","format-standard","has-post-thumbnail","hentry","category-policia"],"_links":{"self":[{"href":"https:\/\/www.caririemacao.com\/1\/wp-json\/wp\/v2\/posts\/53671","targetHints":{"allow":["GET"]}}],"collection":[{"href":"https:\/\/www.caririemacao.com\/1\/wp-json\/wp\/v2\/posts"}],"about":[{"href":"https:\/\/www.caririemacao.com\/1\/wp-json\/wp\/v2\/types\/post"}],"author":[{"embeddable":true,"href":"https:\/\/www.caririemacao.com\/1\/wp-json\/wp\/v2\/users\/2"}],"replies":[{"embeddable":true,"href":"https:\/\/www.caririemacao.com\/1\/wp-json\/wp\/v2\/comments?post=53671"}],"version-history":[{"count":0,"href":"https:\/\/www.caririemacao.com\/1\/wp-json\/wp\/v2\/posts\/53671\/revisions"}],"wp:featuredmedia":[{"embeddable":true,"href":"https:\/\/www.caririemacao.com\/1\/wp-json\/wp\/v2\/media\/53672"}],"wp:attachment":[{"href":"https:\/\/www.caririemacao.com\/1\/wp-json\/wp\/v2\/media?parent=53671"}],"wp:term":[{"taxonomy":"category","embeddable":true,"href":"https:\/\/www.caririemacao.com\/1\/wp-json\/wp\/v2\/categories?post=53671"},{"taxonomy":"post_tag","embeddable":true,"href":"https:\/\/www.caririemacao.com\/1\/wp-json\/wp\/v2\/tags?post=53671"}],"curies":[{"name":"wp","href":"https:\/\/api.w.org\/{rel}","templated":true}]}}