{"id":53674,"date":"2018-06-08T19:58:46","date_gmt":"2018-06-08T22:58:46","guid":{"rendered":"http:\/\/caririemacao.com\/1\/?p=53674"},"modified":"2018-06-08T20:00:53","modified_gmt":"2018-06-08T23:00:53","slug":"jovem-e-assassinado-a-tiros-em-sousa-mae-da-vitima-presenciou-o-crime","status":"publish","type":"post","link":"https:\/\/www.caririemacao.com\/1\/2018\/06\/08\/jovem-e-assassinado-a-tiros-em-sousa-mae-da-vitima-presenciou-o-crime\/","title":{"rendered":"Jovem \u00e9 assassinado a tiros em Sousa, m\u00e3e da v\u00edtima presenciou o crime"},"content":{"rendered":"<p>Mais um homic\u00eddio \u00e9 registrado na cidade Sorriso, desta vez o crime ocorreu por volta das 18:30min da noite de hoje (07), entre o Mutir\u00e3o e o Conjunto Habitacional II, em Sousa, sert\u00e3o do estado.<\/p>\n<p>Conforme informa\u00e7\u00f5es ainda preliminares, a v\u00edtima trata-se de Francisco Mateus, idade n\u00e3o informada.<\/p>\n<p>Mateus estava internado no CEA onde recebeu alta momentos antes de ser morto, familiares contrataram um ve\u00edculo, provavelmente um t\u00e1xi, que ia fazer o percurso at\u00e9 a cidade de Nazarezinho.<\/p>\n<p>No trajeto o carro foi abordado por dois elementos em uma moto Honda Broz, cor n\u00e3o informada, que chamaram o jovem para um particular e efetuaram pelo menos tr\u00eas disparos contra o mesmo, em seguida os bandidos fugiram tomando destino ignorado.<\/p>\n<p>Uma viatura do SAMU foi acionada, mas chegando ao local constatou o \u00f3bito, a\u00a0M\u00e3e de Mateus estava no carro e presenciou o crime.<\/p>\n<p>Viaturas da Pol\u00edcia est\u00e3o no local fazendo o isolamento, at\u00e9 a chegada do Rabec\u00e3o.<\/p>\n<p>O corpo ser\u00e1 levado para o NUMOL de Patos.<\/p>\n<p><strong>CARIRI EM A\u00c7\u00c3O<\/strong><\/p>\n<p>Com Rep\u00f3rter PB\/Foto:\u00a0Rep\u00f3rter PB<\/p>\n<p>Leia mais not\u00edcias em\u00a0<a href=\"http:\/\/www.caririemacao.com\/\">caririemacao.com<\/a>, siga nossa p\u00e1gina no\u00a0<a href=\"https:\/\/www.facebook.com\/CaririEmAcao\/?ref=aymt_homepage_panel\">Facebook<\/a>,\u00a0<a href=\"https:\/\/www.instagram.com\/cariri_em_acao\/?hl=pt-br\">Instagram<\/a>\u00a0e\u00a0<a href=\"https:\/\/www.youtube.com\/channel\/UCAptA0jQuYQy8vMhLt2m4qg\">Youtube<\/a>\u00a0e veja nossas mat\u00e9rias, v\u00eddeos e fotos. Voc\u00ea tamb\u00e9m pode enviar informa\u00e7\u00f5es \u00e0 Reda\u00e7\u00e3o do Portal Cariri em A\u00e7\u00e3o pelo WhatsApp (83) 9 9634.5791, (83) 9 9601-1162.<\/p>\n","protected":false},"excerpt":{"rendered":"<p>Mais um homic\u00eddio \u00e9 registrado na cidade Sorriso, desta vez o crime ocorreu por volta das 18:30min da noite de hoje (07), entre o Mutir\u00e3o&hellip; <\/p>\n","protected":false},"author":2,"featured_media":53675,"comment_status":"closed","ping_status":"closed","sticky":false,"template":"","format":"standard","meta":{"sfsi_plus_gutenberg_text_before_share":"","sfsi_plus_gutenberg_show_text_before_share":"","sfsi_plus_gutenberg_icon_type":"","sfsi_plus_gutenberg_icon_alignemt":"","sfsi_plus_gutenburg_max_per_row":"","footnotes":""},"categories":[12],"tags":[],"class_list":["post-53674","post","type-post","status-publish","format-standard","has-post-thumbnail","hentry","category-policia"],"_links":{"self":[{"href":"https:\/\/www.caririemacao.com\/1\/wp-json\/wp\/v2\/posts\/53674","targetHints":{"allow":["GET"]}}],"collection":[{"href":"https:\/\/www.caririemacao.com\/1\/wp-json\/wp\/v2\/posts"}],"about":[{"href":"https:\/\/www.caririemacao.com\/1\/wp-json\/wp\/v2\/types\/post"}],"author":[{"embeddable":true,"href":"https:\/\/www.caririemacao.com\/1\/wp-json\/wp\/v2\/users\/2"}],"replies":[{"embeddable":true,"href":"https:\/\/www.caririemacao.com\/1\/wp-json\/wp\/v2\/comments?post=53674"}],"version-history":[{"count":0,"href":"https:\/\/www.caririemacao.com\/1\/wp-json\/wp\/v2\/posts\/53674\/revisions"}],"wp:featuredmedia":[{"embeddable":true,"href":"https:\/\/www.caririemacao.com\/1\/wp-json\/wp\/v2\/media\/53675"}],"wp:attachment":[{"href":"https:\/\/www.caririemacao.com\/1\/wp-json\/wp\/v2\/media?parent=53674"}],"wp:term":[{"taxonomy":"category","embeddable":true,"href":"https:\/\/www.caririemacao.com\/1\/wp-json\/wp\/v2\/categories?post=53674"},{"taxonomy":"post_tag","embeddable":true,"href":"https:\/\/www.caririemacao.com\/1\/wp-json\/wp\/v2\/tags?post=53674"}],"curies":[{"name":"wp","href":"https:\/\/api.w.org\/{rel}","templated":true}]}}