{"id":53677,"date":"2018-06-08T20:11:17","date_gmt":"2018-06-08T23:11:17","guid":{"rendered":"http:\/\/caririemacao.com\/1\/?p=53677"},"modified":"2018-06-09T11:47:31","modified_gmt":"2018-06-09T14:47:31","slug":"prefeitura-de-sume-lanca-programacao-de-quadrilhas-juninas","status":"publish","type":"post","link":"https:\/\/www.caririemacao.com\/1\/2018\/06\/08\/prefeitura-de-sume-lanca-programacao-de-quadrilhas-juninas\/","title":{"rendered":"C\u00e2mara de Gurj\u00e3o aprova LDO"},"content":{"rendered":"<p>A C\u00e2mara de Gurj\u00e3o esteve reunida na noite desta sexta-feira, dia 08, para analisar e debater as demandas da popula\u00e7\u00e3o.<\/p>\n<p><a href=\"http:\/\/caririemacao.com\/1\/wp-content\/uploads\/2018\/06\/IMG_3469.jpg\"><img fetchpriority=\"high\" decoding=\"async\" class=\"alignnone size-full wp-image-53681\" src=\"http:\/\/caririemacao.com\/1\/wp-content\/uploads\/2018\/06\/IMG_3469.jpg\" alt=\"\" width=\"1024\" height=\"683\" srcset=\"https:\/\/www.caririemacao.com\/1\/wp-content\/uploads\/2018\/06\/IMG_3469.jpg 1024w, https:\/\/www.caririemacao.com\/1\/wp-content\/uploads\/2018\/06\/IMG_3469-300x200.jpg 300w, https:\/\/www.caririemacao.com\/1\/wp-content\/uploads\/2018\/06\/IMG_3469-768x512.jpg 768w\" sizes=\"(max-width: 1024px) 100vw, 1024px\" \/><\/a><\/p>\n<p>A reuni\u00e3o presidida pelo vereador Adailsinho Queiroz aprovou um projeto do Poder Executivo e duas proposituras do vereador Diogo.<\/p>\n<p>No in\u00edcio os nove vereadores presentes aprovaram a Lei de Diretrizes Or\u00e7ament\u00e1rias para o ano de 2019, conforme o estabelecido no Plano Plurianual, atendendo as exig\u00eancias da Lei de Responsabilidade Fiscal.<\/p>\n<p><a href=\"http:\/\/caririemacao.com\/1\/wp-content\/uploads\/2018\/06\/IMG_3494.jpg\"><img decoding=\"async\" class=\"alignnone size-full wp-image-53688 lazyload\" data-src=\"http:\/\/caririemacao.com\/1\/wp-content\/uploads\/2018\/06\/IMG_3494.jpg\" alt=\"\" width=\"1024\" height=\"683\" data-srcset=\"https:\/\/www.caririemacao.com\/1\/wp-content\/uploads\/2018\/06\/IMG_3494.jpg 1024w, https:\/\/www.caririemacao.com\/1\/wp-content\/uploads\/2018\/06\/IMG_3494-300x200.jpg 300w, https:\/\/www.caririemacao.com\/1\/wp-content\/uploads\/2018\/06\/IMG_3494-768x512.jpg 768w\" data-sizes=\"(max-width: 1024px) 100vw, 1024px\" src=\"data:image\/svg+xml;base64,PHN2ZyB3aWR0aD0iMSIgaGVpZ2h0PSIxIiB4bWxucz0iaHR0cDovL3d3dy53My5vcmcvMjAwMC9zdmciPjwvc3ZnPg==\" style=\"--smush-placeholder-width: 1024px; --smush-placeholder-aspect-ratio: 1024\/683;\" \/><\/a><\/p>\n<p>O requerimento apresentado pelo vereador Diogo Coutinho e aprovado por unanimidade, requerer que a Prefeitura analise a possibilidade de elaborar projeto de implanta\u00e7\u00e3o do sistema de energia solar no pr\u00e9dio da C\u00e2mara Municipal.<\/p>\n<p>No segundo requerimento, tamb\u00e9m do vereador Diogo, trata sobre o Voto de Pesar pelo falecimento da senhora Rita Alves Felipe, falecida no dia 16 de maio.<\/p>\n<p>VEJA TRANSMISS\u00c3ODA REUNI\u00c3O.<\/p>\n<p><div class=\"ose- ose-uid-db8486ac256424c8795f14ecf23a83ff ose-embedpress-responsive\" style=\"width:600px; height:550px; max-height:550px; max-width:100%; display:inline-block;\" data-embed-type=\"Facebook\"><iframe allowFullScreen=\"true\" class=\"embera-facebook-iframe-db848 lazyload\" data-src=\"https:\/\/www.facebook.com\/plugins\/post.php?href=https%3A%2F%2Fwww.facebook.com%2FCaririEmAcao%2Fvideos%2F1257560511046636%2F&width=600&height=550&show_text=true\" width=\"600\" height=\"550\" style=\"border:none;overflow:hidden\" scrolling=\"no\" frameborder=\"0\" allowTransparency=\"true\" src=\"data:image\/svg+xml;base64,PHN2ZyB3aWR0aD0iMSIgaGVpZ2h0PSIxIiB4bWxucz0iaHR0cDovL3d3dy53My5vcmcvMjAwMC9zdmciPjwvc3ZnPg==\" data-load-mode=\"1\"><\/iframe><\/div><\/p>\n<p><a href=\"http:\/\/caririemacao.com\/1\/wp-content\/uploads\/2018\/06\/IMG_3475.jpg\"><img decoding=\"async\" class=\"alignnone size-full wp-image-53682 lazyload\" data-src=\"http:\/\/caririemacao.com\/1\/wp-content\/uploads\/2018\/06\/IMG_3475.jpg\" alt=\"\" width=\"1024\" height=\"683\" data-srcset=\"https:\/\/www.caririemacao.com\/1\/wp-content\/uploads\/2018\/06\/IMG_3475.jpg 1024w, https:\/\/www.caririemacao.com\/1\/wp-content\/uploads\/2018\/06\/IMG_3475-300x200.jpg 300w, https:\/\/www.caririemacao.com\/1\/wp-content\/uploads\/2018\/06\/IMG_3475-768x512.jpg 768w\" data-sizes=\"(max-width: 1024px) 100vw, 1024px\" src=\"data:image\/svg+xml;base64,PHN2ZyB3aWR0aD0iMSIgaGVpZ2h0PSIxIiB4bWxucz0iaHR0cDovL3d3dy53My5vcmcvMjAwMC9zdmciPjwvc3ZnPg==\" style=\"--smush-placeholder-width: 1024px; --smush-placeholder-aspect-ratio: 1024\/683;\" \/><\/a><\/p>\n<p><a href=\"http:\/\/caririemacao.com\/1\/wp-content\/uploads\/2018\/06\/IMG_3495.jpg\"><img decoding=\"async\" class=\"alignnone size-full wp-image-53692 lazyload\" data-src=\"http:\/\/caririemacao.com\/1\/wp-content\/uploads\/2018\/06\/IMG_3495.jpg\" alt=\"\" width=\"1024\" height=\"683\" data-srcset=\"https:\/\/www.caririemacao.com\/1\/wp-content\/uploads\/2018\/06\/IMG_3495.jpg 1024w, https:\/\/www.caririemacao.com\/1\/wp-content\/uploads\/2018\/06\/IMG_3495-300x200.jpg 300w, https:\/\/www.caririemacao.com\/1\/wp-content\/uploads\/2018\/06\/IMG_3495-768x512.jpg 768w\" data-sizes=\"(max-width: 1024px) 100vw, 1024px\" src=\"data:image\/svg+xml;base64,PHN2ZyB3aWR0aD0iMSIgaGVpZ2h0PSIxIiB4bWxucz0iaHR0cDovL3d3dy53My5vcmcvMjAwMC9zdmciPjwvc3ZnPg==\" style=\"--smush-placeholder-width: 1024px; --smush-placeholder-aspect-ratio: 1024\/683;\" \/><\/a> <a href=\"http:\/\/caririemacao.com\/1\/wp-content\/uploads\/2018\/06\/IMG_3514.jpg\"><img decoding=\"async\" class=\"alignnone size-full wp-image-53690 lazyload\" data-src=\"http:\/\/caririemacao.com\/1\/wp-content\/uploads\/2018\/06\/IMG_3514.jpg\" alt=\"\" width=\"1024\" height=\"683\" data-srcset=\"https:\/\/www.caririemacao.com\/1\/wp-content\/uploads\/2018\/06\/IMG_3514.jpg 1024w, https:\/\/www.caririemacao.com\/1\/wp-content\/uploads\/2018\/06\/IMG_3514-300x200.jpg 300w, https:\/\/www.caririemacao.com\/1\/wp-content\/uploads\/2018\/06\/IMG_3514-768x512.jpg 768w\" data-sizes=\"(max-width: 1024px) 100vw, 1024px\" src=\"data:image\/svg+xml;base64,PHN2ZyB3aWR0aD0iMSIgaGVpZ2h0PSIxIiB4bWxucz0iaHR0cDovL3d3dy53My5vcmcvMjAwMC9zdmciPjwvc3ZnPg==\" style=\"--smush-placeholder-width: 1024px; --smush-placeholder-aspect-ratio: 1024\/683;\" \/><\/a> <a href=\"http:\/\/caririemacao.com\/1\/wp-content\/uploads\/2018\/06\/IMG_3490.jpg\"><img decoding=\"async\" class=\"alignnone size-full wp-image-53686 lazyload\" data-src=\"http:\/\/caririemacao.com\/1\/wp-content\/uploads\/2018\/06\/IMG_3490.jpg\" alt=\"\" width=\"1024\" height=\"683\" data-srcset=\"https:\/\/www.caririemacao.com\/1\/wp-content\/uploads\/2018\/06\/IMG_3490.jpg 1024w, https:\/\/www.caririemacao.com\/1\/wp-content\/uploads\/2018\/06\/IMG_3490-300x200.jpg 300w, https:\/\/www.caririemacao.com\/1\/wp-content\/uploads\/2018\/06\/IMG_3490-768x512.jpg 768w\" data-sizes=\"(max-width: 1024px) 100vw, 1024px\" src=\"data:image\/svg+xml;base64,PHN2ZyB3aWR0aD0iMSIgaGVpZ2h0PSIxIiB4bWxucz0iaHR0cDovL3d3dy53My5vcmcvMjAwMC9zdmciPjwvc3ZnPg==\" style=\"--smush-placeholder-width: 1024px; --smush-placeholder-aspect-ratio: 1024\/683;\" \/><\/a> <a href=\"http:\/\/caririemacao.com\/1\/wp-content\/uploads\/2018\/06\/IMG_3491.jpg\"><img decoding=\"async\" class=\"alignnone size-full wp-image-53687 lazyload\" data-src=\"http:\/\/caririemacao.com\/1\/wp-content\/uploads\/2018\/06\/IMG_3491.jpg\" alt=\"\" width=\"1024\" height=\"683\" data-srcset=\"https:\/\/www.caririemacao.com\/1\/wp-content\/uploads\/2018\/06\/IMG_3491.jpg 1024w, https:\/\/www.caririemacao.com\/1\/wp-content\/uploads\/2018\/06\/IMG_3491-300x200.jpg 300w, https:\/\/www.caririemacao.com\/1\/wp-content\/uploads\/2018\/06\/IMG_3491-768x512.jpg 768w\" data-sizes=\"(max-width: 1024px) 100vw, 1024px\" src=\"data:image\/svg+xml;base64,PHN2ZyB3aWR0aD0iMSIgaGVpZ2h0PSIxIiB4bWxucz0iaHR0cDovL3d3dy53My5vcmcvMjAwMC9zdmciPjwvc3ZnPg==\" style=\"--smush-placeholder-width: 1024px; --smush-placeholder-aspect-ratio: 1024\/683;\" \/><\/a> <a href=\"http:\/\/caririemacao.com\/1\/wp-content\/uploads\/2018\/06\/IMG_3498.jpg\"><img decoding=\"async\" class=\"alignnone size-full wp-image-53689 lazyload\" data-src=\"http:\/\/caririemacao.com\/1\/wp-content\/uploads\/2018\/06\/IMG_3498.jpg\" alt=\"\" width=\"1024\" height=\"683\" data-srcset=\"https:\/\/www.caririemacao.com\/1\/wp-content\/uploads\/2018\/06\/IMG_3498.jpg 1024w, https:\/\/www.caririemacao.com\/1\/wp-content\/uploads\/2018\/06\/IMG_3498-300x200.jpg 300w, https:\/\/www.caririemacao.com\/1\/wp-content\/uploads\/2018\/06\/IMG_3498-768x512.jpg 768w\" data-sizes=\"(max-width: 1024px) 100vw, 1024px\" src=\"data:image\/svg+xml;base64,PHN2ZyB3aWR0aD0iMSIgaGVpZ2h0PSIxIiB4bWxucz0iaHR0cDovL3d3dy53My5vcmcvMjAwMC9zdmciPjwvc3ZnPg==\" style=\"--smush-placeholder-width: 1024px; --smush-placeholder-aspect-ratio: 1024\/683;\" \/><\/a> <a href=\"http:\/\/caririemacao.com\/1\/wp-content\/uploads\/2018\/06\/IMG_3486.jpg\"><img decoding=\"async\" class=\"alignnone size-full wp-image-53685 lazyload\" data-src=\"http:\/\/caririemacao.com\/1\/wp-content\/uploads\/2018\/06\/IMG_3486.jpg\" alt=\"\" width=\"1024\" height=\"683\" data-srcset=\"https:\/\/www.caririemacao.com\/1\/wp-content\/uploads\/2018\/06\/IMG_3486.jpg 1024w, https:\/\/www.caririemacao.com\/1\/wp-content\/uploads\/2018\/06\/IMG_3486-300x200.jpg 300w, https:\/\/www.caririemacao.com\/1\/wp-content\/uploads\/2018\/06\/IMG_3486-768x512.jpg 768w\" data-sizes=\"(max-width: 1024px) 100vw, 1024px\" src=\"data:image\/svg+xml;base64,PHN2ZyB3aWR0aD0iMSIgaGVpZ2h0PSIxIiB4bWxucz0iaHR0cDovL3d3dy53My5vcmcvMjAwMC9zdmciPjwvc3ZnPg==\" style=\"--smush-placeholder-width: 1024px; --smush-placeholder-aspect-ratio: 1024\/683;\" \/><\/a> <a href=\"http:\/\/caririemacao.com\/1\/wp-content\/uploads\/2018\/06\/IMG_3484.jpg\"><img decoding=\"async\" class=\"alignnone size-full wp-image-53684 lazyload\" data-src=\"http:\/\/caririemacao.com\/1\/wp-content\/uploads\/2018\/06\/IMG_3484.jpg\" alt=\"\" width=\"1024\" height=\"683\" data-srcset=\"https:\/\/www.caririemacao.com\/1\/wp-content\/uploads\/2018\/06\/IMG_3484.jpg 1024w, https:\/\/www.caririemacao.com\/1\/wp-content\/uploads\/2018\/06\/IMG_3484-300x200.jpg 300w, https:\/\/www.caririemacao.com\/1\/wp-content\/uploads\/2018\/06\/IMG_3484-768x512.jpg 768w\" data-sizes=\"(max-width: 1024px) 100vw, 1024px\" src=\"data:image\/svg+xml;base64,PHN2ZyB3aWR0aD0iMSIgaGVpZ2h0PSIxIiB4bWxucz0iaHR0cDovL3d3dy53My5vcmcvMjAwMC9zdmciPjwvc3ZnPg==\" style=\"--smush-placeholder-width: 1024px; --smush-placeholder-aspect-ratio: 1024\/683;\" \/><\/a> <a href=\"http:\/\/caririemacao.com\/1\/wp-content\/uploads\/2018\/06\/IMG_3482.jpg\"><img decoding=\"async\" class=\"alignnone size-full wp-image-53683 lazyload\" data-src=\"http:\/\/caririemacao.com\/1\/wp-content\/uploads\/2018\/06\/IMG_3482.jpg\" alt=\"\" width=\"1024\" height=\"683\" data-srcset=\"https:\/\/www.caririemacao.com\/1\/wp-content\/uploads\/2018\/06\/IMG_3482.jpg 1024w, https:\/\/www.caririemacao.com\/1\/wp-content\/uploads\/2018\/06\/IMG_3482-300x200.jpg 300w, https:\/\/www.caririemacao.com\/1\/wp-content\/uploads\/2018\/06\/IMG_3482-768x512.jpg 768w\" data-sizes=\"(max-width: 1024px) 100vw, 1024px\" src=\"data:image\/svg+xml;base64,PHN2ZyB3aWR0aD0iMSIgaGVpZ2h0PSIxIiB4bWxucz0iaHR0cDovL3d3dy53My5vcmcvMjAwMC9zdmciPjwvc3ZnPg==\" style=\"--smush-placeholder-width: 1024px; --smush-placeholder-aspect-ratio: 1024\/683;\" \/><\/a><\/p>\n<p><strong>CARIRI EM A\u00c7\u00c3O<\/strong><\/p>\n<p>Leia mais not\u00edcias em\u00a0<a href=\"http:\/\/www.caririemacao.com\/\">caririemacao.com<\/a>, siga nossa p\u00e1gina no\u00a0<a href=\"https:\/\/www.facebook.com\/CaririEmAcao\/?ref=aymt_homepage_panel\">Facebook<\/a>,\u00a0<a href=\"https:\/\/www.instagram.com\/cariri_em_acao\/?hl=pt-br\">Instagram<\/a>\u00a0e <a href=\"https:\/\/www.youtube.com\/channel\/UCAptA0jQuYQy8vMhLt2m4qg\">Youtube<\/a>\u00a0e veja nossas mat\u00e9rias, v\u00eddeos e fotos. Voc\u00ea tamb\u00e9m pode enviar informa\u00e7\u00f5es \u00e0 Reda\u00e7\u00e3o do Portal Cariri em A\u00e7\u00e3o pelo WhatsApp (83) 9 9634.5791, (83) 9 9601-1162.<\/p>\n","protected":false},"excerpt":{"rendered":"<p>A C\u00e2mara de Gurj\u00e3o esteve reunida na noite desta sexta-feira, dia 08, para analisar e debater as demandas da popula\u00e7\u00e3o. A reuni\u00e3o presidida pelo vereador&hellip; <\/p>\n","protected":false},"author":2,"featured_media":53691,"comment_status":"closed","ping_status":"closed","sticky":false,"template":"","format":"standard","meta":{"sfsi_plus_gutenberg_text_before_share":"","sfsi_plus_gutenberg_show_text_before_share":"","sfsi_plus_gutenberg_icon_type":"","sfsi_plus_gutenberg_icon_alignemt":"","sfsi_plus_gutenburg_max_per_row":"","footnotes":""},"categories":[11],"tags":[],"class_list":["post-53677","post","type-post","status-publish","format-standard","has-post-thumbnail","hentry","category-politica"],"_links":{"self":[{"href":"https:\/\/www.caririemacao.com\/1\/wp-json\/wp\/v2\/posts\/53677","targetHints":{"allow":["GET"]}}],"collection":[{"href":"https:\/\/www.caririemacao.com\/1\/wp-json\/wp\/v2\/posts"}],"about":[{"href":"https:\/\/www.caririemacao.com\/1\/wp-json\/wp\/v2\/types\/post"}],"author":[{"embeddable":true,"href":"https:\/\/www.caririemacao.com\/1\/wp-json\/wp\/v2\/users\/2"}],"replies":[{"embeddable":true,"href":"https:\/\/www.caririemacao.com\/1\/wp-json\/wp\/v2\/comments?post=53677"}],"version-history":[{"count":0,"href":"https:\/\/www.caririemacao.com\/1\/wp-json\/wp\/v2\/posts\/53677\/revisions"}],"wp:featuredmedia":[{"embeddable":true,"href":"https:\/\/www.caririemacao.com\/1\/wp-json\/wp\/v2\/media\/53691"}],"wp:attachment":[{"href":"https:\/\/www.caririemacao.com\/1\/wp-json\/wp\/v2\/media?parent=53677"}],"wp:term":[{"taxonomy":"category","embeddable":true,"href":"https:\/\/www.caririemacao.com\/1\/wp-json\/wp\/v2\/categories?post=53677"},{"taxonomy":"post_tag","embeddable":true,"href":"https:\/\/www.caririemacao.com\/1\/wp-json\/wp\/v2\/tags?post=53677"}],"curies":[{"name":"wp","href":"https:\/\/api.w.org\/{rel}","templated":true}]}}