{"id":53697,"date":"2018-06-08T20:23:17","date_gmt":"2018-06-08T23:23:17","guid":{"rendered":"http:\/\/caririemacao.com\/1\/?p=53697"},"modified":"2018-06-08T20:23:17","modified_gmt":"2018-06-08T23:23:17","slug":"prefeito-e-deputado-entregam-casas-populares-e-novos-veiculos-em-sao-sebastiao-do-umbuzeiro","status":"publish","type":"post","link":"https:\/\/www.caririemacao.com\/1\/2018\/06\/08\/prefeito-e-deputado-entregam-casas-populares-e-novos-veiculos-em-sao-sebastiao-do-umbuzeiro\/","title":{"rendered":"Prefeito e deputado entregam casas populares e novos ve\u00edculos em S\u00e3o Sebasti\u00e3o do Umbuzeiro"},"content":{"rendered":"<p>O deputado estadual Adriano Galdino e o prefeito da cidade de S\u00e3o Sebasti\u00e3o do Umbuzeiro, no Cariri da Para\u00edba, Adriano Wolf, entregaram\u00a039 casas populares e tr\u00eas novos ve\u00edculos \u00e0 popula\u00e7\u00e3o da cidade. O repasse foi feito nesta\u00a0sexta-feira (8), na programa\u00e7\u00e3o dos 59 anos de emancipa\u00e7\u00e3o pol\u00edtica do munic\u00edpio.<\/p>\n<p>Estiveram presentes ainda o vice-prefeito Chico de Mariano, a primeira-dama Melina Morena, o ex-prefeito Chico Neves acompanhado de sua esposa, os vereadores Dennis, Bernardes, Celhinha, C\u00edcero Lira e Jaison, al\u00e9m de secret\u00e1rios municipais, lideran\u00e7as locais e popula\u00e7\u00e3o.<\/p>\n<p>As festividades em comemora\u00e7\u00e3o ao anivers\u00e1rio da cidade teve in\u00edcio logo cedo, com o hasteamento da bandeira na C\u00e2mara Municipal. Logo ap\u00f3s, na prefeitura municipal, a presen\u00e7a de diversas autoridades e da banda filarm\u00f4nica, al\u00e9m de um trio de forr\u00f3 p\u00e9-de-serra, animaram a festa.<\/p>\n<p>Logo ap\u00f3s, aconteceu \u00e0 entrega e sorteio das 39 casas populares, que beneficiar\u00e3o fam\u00edlias, realizando o sonho da casa pr\u00f3pria. A obra teve in\u00edcio na gest\u00e3o do ent\u00e3o prefeito Chico Neves e foi conclu\u00edda no governo de Adriano Wolff. \u00c9 fruto de uma parceria entre o munic\u00edpio e o Governo Federal. O conjunto habitacional recebeu o nome de Paulo Bezerra Figueiredo.<\/p>\n<p>Houve ainda a entrega de tr\u00eas novos ve\u00edculos a popula\u00e7\u00e3o, sendo dois, fruto de uma emenda do deputado estadual Adriano Galdino, e o terceiro uma contrapartida do deputado estadual Frei Anast\u00e1cio.<\/p>\n<p>O prefeito Adriano Wolff disse que o dia \u00e9 de festa no munic\u00edpio. Ele destacou a import\u00e2ncia da entrega dos bens \u00e0 popula\u00e7\u00e3o de S\u00e3o Sebasti\u00e3o. \u201c\u00c9 uma alegria entregar esse conjunto habitacional e esses novos ve\u00edculos neste dia t\u00e3o importante para nosso munic\u00edpio. S\u00e3o bens que ir\u00e3o beneficiar nossa popula\u00e7\u00e3o, fruto do empenho de dois governos, o de Chico Neves e a minha gest\u00e3o. Me sinto feliz em estar realizando o sonho de fam\u00edlias que agora ter\u00e3o uma aconchegante casa pr\u00f3pria\u201d, disse.<\/p>\n<p>A manh\u00e3 de comemora\u00e7\u00f5es terminou com competi\u00e7\u00f5es esportivas na pra\u00e7a central da cidade e com forr\u00f3 p\u00e9-de-serra. \u00c0 tarde, aconteceu o encontro de bandas marciais. \u00c0 noite haver\u00e1 sess\u00e3o solene na C\u00e2mara Municipal, para entrega de t\u00edtulos de cidadania e honra ao m\u00e9rito. Logo ap\u00f3s, shows com Forroz\u00e3o Karkar\u00e1 e Forr\u00f3 dos Bossas.<\/p>\n<p><strong>CARIRI EM A\u00c7\u00c3O<\/strong><\/p>\n<p>Com Para\u00edba debate \/Foto:\u00a0Para\u00edba debate<\/p>\n<p>Leia mais not\u00edcias em\u00a0<a href=\"http:\/\/www.caririemacao.com\/\">caririemacao.com<\/a>, siga nossa p\u00e1gina no\u00a0<a href=\"https:\/\/www.facebook.com\/CaririEmAcao\/?ref=aymt_homepage_panel\">Facebook<\/a>,\u00a0<a href=\"https:\/\/www.instagram.com\/cariri_em_acao\/?hl=pt-br\">Instagram<\/a>\u00a0e\u00a0<a href=\"https:\/\/www.youtube.com\/channel\/UCAptA0jQuYQy8vMhLt2m4qg\">Youtube<\/a>\u00a0e veja nossas mat\u00e9rias, v\u00eddeos e fotos. Voc\u00ea tamb\u00e9m pode enviar informa\u00e7\u00f5es \u00e0 Reda\u00e7\u00e3o do Portal Cariri em A\u00e7\u00e3o pelo WhatsApp (83) 9 9634.5791, (83) 9 9601-1162.<\/p>\n","protected":false},"excerpt":{"rendered":"<p>O deputado estadual Adriano Galdino e o prefeito da cidade de S\u00e3o Sebasti\u00e3o do Umbuzeiro, no Cariri da Para\u00edba, Adriano Wolf, entregaram\u00a039 casas populares e&hellip; <\/p>\n","protected":false},"author":2,"featured_media":53699,"comment_status":"closed","ping_status":"closed","sticky":false,"template":"","format":"standard","meta":{"sfsi_plus_gutenberg_text_before_share":"","sfsi_plus_gutenberg_show_text_before_share":"","sfsi_plus_gutenberg_icon_type":"","sfsi_plus_gutenberg_icon_alignemt":"","sfsi_plus_gutenburg_max_per_row":"","footnotes":""},"categories":[6],"tags":[],"class_list":["post-53697","post","type-post","status-publish","format-standard","has-post-thumbnail","hentry","category-cidades"],"_links":{"self":[{"href":"https:\/\/www.caririemacao.com\/1\/wp-json\/wp\/v2\/posts\/53697","targetHints":{"allow":["GET"]}}],"collection":[{"href":"https:\/\/www.caririemacao.com\/1\/wp-json\/wp\/v2\/posts"}],"about":[{"href":"https:\/\/www.caririemacao.com\/1\/wp-json\/wp\/v2\/types\/post"}],"author":[{"embeddable":true,"href":"https:\/\/www.caririemacao.com\/1\/wp-json\/wp\/v2\/users\/2"}],"replies":[{"embeddable":true,"href":"https:\/\/www.caririemacao.com\/1\/wp-json\/wp\/v2\/comments?post=53697"}],"version-history":[{"count":0,"href":"https:\/\/www.caririemacao.com\/1\/wp-json\/wp\/v2\/posts\/53697\/revisions"}],"wp:featuredmedia":[{"embeddable":true,"href":"https:\/\/www.caririemacao.com\/1\/wp-json\/wp\/v2\/media\/53699"}],"wp:attachment":[{"href":"https:\/\/www.caririemacao.com\/1\/wp-json\/wp\/v2\/media?parent=53697"}],"wp:term":[{"taxonomy":"category","embeddable":true,"href":"https:\/\/www.caririemacao.com\/1\/wp-json\/wp\/v2\/categories?post=53697"},{"taxonomy":"post_tag","embeddable":true,"href":"https:\/\/www.caririemacao.com\/1\/wp-json\/wp\/v2\/tags?post=53697"}],"curies":[{"name":"wp","href":"https:\/\/api.w.org\/{rel}","templated":true}]}}