{"id":53704,"date":"2018-06-08T20:29:44","date_gmt":"2018-06-08T23:29:44","guid":{"rendered":"http:\/\/caririemacao.com\/1\/?p=53704"},"modified":"2018-06-08T20:29:44","modified_gmt":"2018-06-08T23:29:44","slug":"quase-60-postos-na-pb-sao-notificados-por-nao-baixarem-r-046-no-litro-do-diesel","status":"publish","type":"post","link":"https:\/\/www.caririemacao.com\/1\/2018\/06\/08\/quase-60-postos-na-pb-sao-notificados-por-nao-baixarem-r-046-no-litro-do-diesel\/","title":{"rendered":"Quase 60 postos na PB s\u00e3o notificados por n\u00e3o baixarem R$ 0,46 no litro do diesel"},"content":{"rendered":"<div class=\"mc-column content-text active-extra-styles active-capital-letter\" data-block-type=\"unstyled\" data-block-weight=\"82\" data-block-id=\"2\">\n<p class=\"content-text__container theme-color-primary-first-letter\" data-track-category=\"Link no Texto\" data-track-links=\"\">Pelo menos 58 postos de combust\u00edveis foram notificados pelo Procon da Para\u00edba por\u00a0n\u00e3o\u00a0baixarem R$ 0,46 no pre\u00e7o do litro do diesel. Os estabelecimentos ter\u00e3o o prazo de cinco dias para apresentarem as notas fiscais dos valores com os repasses das refinarias. A fiscaliza\u00e7\u00e3o come\u00e7ou no dia 1\u00ba de junho deste ano e j\u00e1 passou por 63 postos. As equipes de fiscaliza\u00e7\u00e3o do \u00f3rg\u00e3o visitaram 18 cidades e ir\u00e3o passar pelas demais cidades para averiguar todos os postos do estado.<\/p>\n<\/div>\n<div class=\"wall\">\n<div class=\"mc-column content-text active-extra-styles \" data-block-type=\"unstyled\" data-block-weight=\"50\" data-block-id=\"3\">\n<p class=\"content-text__container \" data-track-category=\"Link no Texto\" data-track-links=\"\">O Procon-PB informa que as san\u00e7\u00f5es anunciadas dependem de procedimento administrativo pr\u00e9vio, sendo assim, o devido processo legal ser\u00e1 respeitado pelo \u00f3rg\u00e3o. O \u00f3rg\u00e3o tamb\u00e9m alerta, em casos de abusos, que os consumidores devem guardar a nota fiscal especificando valor e tipo de combust\u00edvel para pedir ressarcimento dos valores indevidos.<\/p>\n<\/div>\n<div class=\"mc-column content-text active-extra-styles \" data-block-type=\"unstyled\" data-block-weight=\"38\" data-block-id=\"4\">\n<p class=\"content-text__container \" data-track-category=\"Link no Texto\" data-track-links=\"\">O Procon tamb\u00e9m lembra da Portaria 760\/2018, que\u00a0determina que o posto de combust\u00edvel \u00e9 obrigado a colocar placas ou faixas informando o pre\u00e7o\u00a0praticado a partir do dia 21 de maio de 2018 e o desconto aplicado.<\/p>\n<\/div>\n<div class=\"mc-column content-text active-extra-styles \" data-block-type=\"unstyled\" data-block-weight=\"35\" data-block-id=\"5\">\n<p class=\"content-text__container \" data-track-category=\"Link no Texto\" data-track-links=\"\">A superintendente da autarquia, K\u00e9ssia Liliana, adverte que os postos que n\u00e3o praticam desconto e que ainda det\u00eam em seus tanques de estoques antigos dever\u00e3o comprov\u00e1-lo por meio de notas fiscais de compra e venda. \u201cCaso o consumidor verifique que o posto n\u00e3o est\u00e1 aplicando o desconto poder\u00e1 imediatamente registrar sua reclama\u00e7\u00e3o no Procon-PB, atrav\u00e9s do n\u00famero 151, gratuitamente, no site do portal da cidadania ou no site do Procon-PB.\u201d enfatizou K\u00e9ssia.<\/p>\n<p><strong>CARIRI EM A\u00c7\u00c3O<\/strong><\/p>\n<p>Com Jornal da Para\u00edba\/Foto: Reprodu\u00e7\u00e3o Internet<\/p>\n<p>Leia mais not\u00edcias em\u00a0<a href=\"http:\/\/www.caririemacao.com\/\">caririemacao.com<\/a>, siga nossa p\u00e1gina no\u00a0<a href=\"https:\/\/www.facebook.com\/CaririEmAcao\/?ref=aymt_homepage_panel\">Facebook<\/a>,\u00a0<a href=\"https:\/\/www.instagram.com\/cariri_em_acao\/?hl=pt-br\">Instagram<\/a>\u00a0e\u00a0<a href=\"https:\/\/www.youtube.com\/channel\/UCAptA0jQuYQy8vMhLt2m4qg\">Youtube<\/a>\u00a0e veja nossas mat\u00e9rias, v\u00eddeos e fotos. Voc\u00ea tamb\u00e9m pode enviar informa\u00e7\u00f5es \u00e0 Reda\u00e7\u00e3o do Portal Cariri em A\u00e7\u00e3o pelo WhatsApp (83) 9 9634.5791, (83) 9 9601-1162.<\/p>\n<\/div>\n<\/div>\n","protected":false},"excerpt":{"rendered":"<p>Pelo menos 58 postos de combust\u00edveis foram notificados pelo Procon da Para\u00edba por\u00a0n\u00e3o\u00a0baixarem R$ 0,46 no pre\u00e7o do litro do diesel. Os estabelecimentos ter\u00e3o o&hellip; <\/p>\n","protected":false},"author":2,"featured_media":8261,"comment_status":"closed","ping_status":"closed","sticky":false,"template":"","format":"standard","meta":{"sfsi_plus_gutenberg_text_before_share":"","sfsi_plus_gutenberg_show_text_before_share":"","sfsi_plus_gutenberg_icon_type":"","sfsi_plus_gutenberg_icon_alignemt":"","sfsi_plus_gutenburg_max_per_row":"","footnotes":""},"categories":[2],"tags":[],"class_list":["post-53704","post","type-post","status-publish","format-standard","has-post-thumbnail","hentry","category-geral"],"_links":{"self":[{"href":"https:\/\/www.caririemacao.com\/1\/wp-json\/wp\/v2\/posts\/53704","targetHints":{"allow":["GET"]}}],"collection":[{"href":"https:\/\/www.caririemacao.com\/1\/wp-json\/wp\/v2\/posts"}],"about":[{"href":"https:\/\/www.caririemacao.com\/1\/wp-json\/wp\/v2\/types\/post"}],"author":[{"embeddable":true,"href":"https:\/\/www.caririemacao.com\/1\/wp-json\/wp\/v2\/users\/2"}],"replies":[{"embeddable":true,"href":"https:\/\/www.caririemacao.com\/1\/wp-json\/wp\/v2\/comments?post=53704"}],"version-history":[{"count":0,"href":"https:\/\/www.caririemacao.com\/1\/wp-json\/wp\/v2\/posts\/53704\/revisions"}],"wp:featuredmedia":[{"embeddable":true,"href":"https:\/\/www.caririemacao.com\/1\/wp-json\/wp\/v2\/media\/8261"}],"wp:attachment":[{"href":"https:\/\/www.caririemacao.com\/1\/wp-json\/wp\/v2\/media?parent=53704"}],"wp:term":[{"taxonomy":"category","embeddable":true,"href":"https:\/\/www.caririemacao.com\/1\/wp-json\/wp\/v2\/categories?post=53704"},{"taxonomy":"post_tag","embeddable":true,"href":"https:\/\/www.caririemacao.com\/1\/wp-json\/wp\/v2\/tags?post=53704"}],"curies":[{"name":"wp","href":"https:\/\/api.w.org\/{rel}","templated":true}]}}