{"id":53706,"date":"2018-06-08T20:36:59","date_gmt":"2018-06-08T23:36:59","guid":{"rendered":"http:\/\/caririemacao.com\/1\/?p=53706"},"modified":"2018-06-08T20:37:21","modified_gmt":"2018-06-08T23:37:21","slug":"empregados-da-eletrobras-anunciam-greve-e-pedem-saida-de-presidente","status":"publish","type":"post","link":"https:\/\/www.caririemacao.com\/1\/2018\/06\/08\/empregados-da-eletrobras-anunciam-greve-e-pedem-saida-de-presidente\/","title":{"rendered":"Empregados da Eletrobras anunciam greve e pedem sa\u00edda de presidente"},"content":{"rendered":"<p>Os empregados da Eletrobras anunciaram nesta sexta (8) paralisa\u00e7\u00e3o de 72 horas para protestar contra a proposta de\u00a0privatiza\u00e7\u00e3o\u00a0da estatal e pedir a ren\u00fancia do presidente da companhia, Wilson Ferreira Junior.<\/p>\n<p>O movimento segue exemplo de mobiliza\u00e7\u00e3o feita pelos\u00a0petroleiros\u00a0na semana passada, que pedia a sa\u00edda do presidente da Petrobras, Pedro Parente, que acabou pedindo\u00a0demiss\u00e3o\u00a0na sexta (1) por press\u00f5es sobre a pol\u00edtica de pre\u00e7os dos combust\u00edveis.<\/p>\n<p>A paralisa\u00e7\u00e3o dos eletricit\u00e1rios come\u00e7ar\u00e1 no in\u00edcio da madrugada de segunda (11) e vai at\u00e9 a meia-noite de quarta (13). A categoria diz que a presta\u00e7\u00e3o de servi\u00e7os essenciais ser\u00e1 mantida.<\/p>\n<p>&#8220;Desde que assumiu o cargo, Wilson est\u00e1 implementando uma reestrutura\u00e7\u00e3o que vem atingindo direitos adquiridos pelos trabalhadores, al\u00e9m de diminuir a capacidade de atua\u00e7\u00e3o das empresas [da Eletrobras] frente a seus concorrentes&#8221;, disse em nota o diretor jur\u00eddico do Sindicato dos Urbanit\u00e1rios do Maranh\u00e3o, Wellington Diniz.<\/p>\n<p>A privatiza\u00e7\u00e3o da Eletrobras foi proposta pelo governo em 2017, alegando que a estatal precisa de inje\u00e7\u00e3o de capital para poder investir. O processo prev\u00ea a venda de novas a\u00e7\u00f5es, sem que o governo acompanhe o aumento de capital.<\/p>\n<p>A proposta, por\u00e9m, enfrenta dificuldades no Congresso e o mercado j\u00e1 n\u00e3o espera que a opera\u00e7\u00e3o de aumento de capital seja conclu\u00edda ainda no governo de Michel Temer (MDB).<\/p>\n<p>Na nota em que anunciam a greve, os sindicatos citam estudo da Aneel (Ag\u00eancia Nacional de Energia El\u00e9trica) que diz que a privatiza\u00e7\u00e3o da Eletrobras pode resultar em aumento na conta de luz.<\/p>\n<p>Os petroleiros tamb\u00e9m usaram os altos pre\u00e7os dos combust\u00edveis para tentar atrair apoio popular para a<br \/>\ngreve, que acabou sendo encerrada depois que o TST (Tribunal Superior do Trabalho) estabeleceu\u00a0multas pela paralisa\u00e7\u00e3o.<\/p>\n<p>A Eletrobras informou que est\u00e1 tomando todas as medidas legais para garantir o acesso dos empregados \u00e0 empresa no per\u00edodo de greve.<\/p>\n<p>A companhia negou que tenha retirado direitos dos trabalhadores e diz que a reestrutura\u00e7\u00e3o tem o objetivo de reduzir custos para atingir padr\u00f5es regulat\u00f3rios definidos pela Aneel e a d\u00edvida por meio da venda de ativos.<\/p>\n<p>No texto, a Eletrobras diz que o processo resultou em redu\u00e7\u00e3o da rela\u00e7\u00e3o entre d\u00edvida e gera\u00e7\u00e3o de caixa para 3,7 vezes, ante 8,8 vezes antes da nomea\u00e7\u00e3o de Ferreira Junior. \u200b<\/p>\n<p><strong>CARIRI EM A\u00c7\u00c3O<\/strong><\/p>\n<p>Com Uol\/Foto: Reprodu\u00e7\u00e3o Internet<\/p>\n<p>Leia mais not\u00edcias em\u00a0<a href=\"http:\/\/www.caririemacao.com\/\">caririemacao.com<\/a>, siga nossa p\u00e1gina no\u00a0<a href=\"https:\/\/www.facebook.com\/CaririEmAcao\/?ref=aymt_homepage_panel\">Facebook<\/a>,\u00a0<a href=\"https:\/\/www.instagram.com\/cariri_em_acao\/?hl=pt-br\">Instagram<\/a>\u00a0e\u00a0<a href=\"https:\/\/www.youtube.com\/channel\/UCAptA0jQuYQy8vMhLt2m4qg\">Youtube<\/a>\u00a0e veja nossas mat\u00e9rias, v\u00eddeos e fotos. Voc\u00ea tamb\u00e9m pode enviar informa\u00e7\u00f5es \u00e0 Reda\u00e7\u00e3o do Portal Cariri em A\u00e7\u00e3o pelo WhatsApp (83) 9 9634.5791, (83) 9 9601-1162.<\/p>\n","protected":false},"excerpt":{"rendered":"<p>Os empregados da Eletrobras anunciaram nesta sexta (8) paralisa\u00e7\u00e3o de 72 horas para protestar contra a proposta de\u00a0privatiza\u00e7\u00e3o\u00a0da estatal e pedir a ren\u00fancia do presidente&hellip; <\/p>\n","protected":false},"author":2,"featured_media":53707,"comment_status":"closed","ping_status":"closed","sticky":false,"template":"","format":"standard","meta":{"sfsi_plus_gutenberg_text_before_share":"","sfsi_plus_gutenberg_show_text_before_share":"","sfsi_plus_gutenberg_icon_type":"","sfsi_plus_gutenberg_icon_alignemt":"","sfsi_plus_gutenburg_max_per_row":"","footnotes":""},"categories":[2],"tags":[],"class_list":["post-53706","post","type-post","status-publish","format-standard","has-post-thumbnail","hentry","category-geral"],"_links":{"self":[{"href":"https:\/\/www.caririemacao.com\/1\/wp-json\/wp\/v2\/posts\/53706","targetHints":{"allow":["GET"]}}],"collection":[{"href":"https:\/\/www.caririemacao.com\/1\/wp-json\/wp\/v2\/posts"}],"about":[{"href":"https:\/\/www.caririemacao.com\/1\/wp-json\/wp\/v2\/types\/post"}],"author":[{"embeddable":true,"href":"https:\/\/www.caririemacao.com\/1\/wp-json\/wp\/v2\/users\/2"}],"replies":[{"embeddable":true,"href":"https:\/\/www.caririemacao.com\/1\/wp-json\/wp\/v2\/comments?post=53706"}],"version-history":[{"count":0,"href":"https:\/\/www.caririemacao.com\/1\/wp-json\/wp\/v2\/posts\/53706\/revisions"}],"wp:featuredmedia":[{"embeddable":true,"href":"https:\/\/www.caririemacao.com\/1\/wp-json\/wp\/v2\/media\/53707"}],"wp:attachment":[{"href":"https:\/\/www.caririemacao.com\/1\/wp-json\/wp\/v2\/media?parent=53706"}],"wp:term":[{"taxonomy":"category","embeddable":true,"href":"https:\/\/www.caririemacao.com\/1\/wp-json\/wp\/v2\/categories?post=53706"},{"taxonomy":"post_tag","embeddable":true,"href":"https:\/\/www.caririemacao.com\/1\/wp-json\/wp\/v2\/tags?post=53706"}],"curies":[{"name":"wp","href":"https:\/\/api.w.org\/{rel}","templated":true}]}}