{"id":53712,"date":"2018-06-08T20:47:26","date_gmt":"2018-06-08T23:47:26","guid":{"rendered":"http:\/\/caririemacao.com\/1\/?p=53712"},"modified":"2018-06-08T20:47:26","modified_gmt":"2018-06-08T23:47:26","slug":"marina-critica-o-todos-contra-bolsonaro","status":"publish","type":"post","link":"https:\/\/www.caririemacao.com\/1\/2018\/06\/08\/marina-critica-o-todos-contra-bolsonaro\/","title":{"rendered":"Marina critica o  \u201cTodos contra Bolsonaro\u201d"},"content":{"rendered":"<p>A pr\u00e9-candidata da Rede \u00e0 Presid\u00eancia da Rep\u00fablica, Marina Silva, afirmou nessa sexta-feira que considera um erro a pol\u00edtica de todos contra um, numa alus\u00e3o a um ataque generalizado de candidatos ao l\u00edder das pesquisas, o deputado Jair Bolsonaro (PSL-RJ), mas durante cerca de uma hora e meia de entrevista a jornalistas estrangeiros fez diversas cr\u00edticas a posi\u00e7\u00f5es defendidas pelo parlamentar.<\/p>\n<p>Marina prometeu uma campanha sem ataques e um governo program\u00e1tico, baseado em programas, e n\u00e3o pragm\u00e1tico, como fizeram, segundo ela, a ex-presidente Dilma Rousseff e o presidente Michel Temer, que, na sua avalia\u00e7\u00e3o, levaram o Brasil a uma situa\u00e7\u00e3o dram\u00e1tica no campo fiscal, pol\u00edtico e social.<\/p>\n<p>&#8220;Para mim, \u00e9 um erro os projetos pol\u00edticos orientarem projetos para combater o Bolsonaro e trabalhamos para apresentar propostas ao Brasil e fazer debate sobre educa\u00e7\u00e3o, infraestrutura, desenvolvimento sustent\u00e1vel, economia, seguran\u00e7a&#8221;, disse a ex-senadora.<\/p>\n<p>O deputado lidera as pesquisas quando o ex-presidente Luiz In\u00e1cio Lula da Silva n\u00e3o aparece como candidato.<\/p>\n<p>Durante a entrevista, Marina Silva atacou a ideia defendida por Bolsonaro de &#8220;armar&#8221; a popula\u00e7\u00e3o contra a viol\u00eancia. O candidato do PSL \u00e9 favor\u00e1vel \u00e0 libera\u00e7\u00e3o ao porte de armas.<\/p>\n<p>&#8220;N\u00e3o acredito que vai se resolver o problema dram\u00e1tico da viol\u00eancia distribuindo armas para a popula\u00e7\u00e3o e n\u00e3o quero que meu pa\u00eds que tem como s\u00edmbolos importantes na bandeira passe a ter uma arma&#8221;, disse Marina.<\/p>\n<p>&#8220;A obriga\u00e7\u00e3o do Estado \u00e9 proteger os cidad\u00e3os e n\u00e3o vai ser um ato das pessoas que vai combater viol\u00eancia, pelo contr\u00e1rio vai aumentar a viol\u00eancia&#8221;, acrescentou ela<\/p>\n<p>Marina, que ficou em terceiro lugar nas duas \u00faltimas elei\u00e7\u00f5es presidenciais, criticou posturas sect\u00e1rias.<\/p>\n<p>&#8220;Temos que nos unir em prol do Brasil&#8230; juntar um grupo para combater o outro j\u00e1 nos levou ao fundo do po\u00e7o e se permanecer assim vamos para um po\u00e7o sem fundo. Somos democr\u00e1ticos, n\u00e3o podemos tergiversar sobre democracia e direitos humanos. \u00c9 assim que queremos nos firmar na Am\u00e9rica Latina e no mundo&#8221;, disse ela.<\/p>\n<p>O regresso ao autoritarismo, outra posi\u00e7\u00e3o marcante da candidatura de Bolsonaro, ex-capit\u00e3o do Ex\u00e9rcito, tamb\u00e9m foi alvo das cr\u00edticas de Marina Silva.<\/p>\n<p>Ao ser instigada pelos jornalistas sobre a possibilidade de o Brasil estar vivendo um momento pr\u00e9-revolucion\u00e1rio, com protestos, greve de caminhoneiros, insatisfa\u00e7\u00e3o social e altos n\u00edveis de criminalidade, Marina, mais uma vez, cutucou Bolsonaro.<\/p>\n<p>&#8220;Reconsquistamos a duras penas nossa democracia e n\u00e3o podemos pensar em saudosismo e querer voltar \u00e0 ditadura ou ao autoritarismo&#8230; a sociedade vive momento dif\u00edcil, com decep\u00e7\u00f5es pol\u00edticas, com crise no desemprego, na sa\u00fade e na perspectiva de vida e n\u00e3o podemos entrar na ideia de supostos salvadores da p\u00e1tria&#8221;, alertou a ex-ministra, afirmando que h\u00e1 pessoas hoje no Brasil que usam a democracia para sabotar a pr\u00f3pria democracia.<\/p>\n<p>Evang\u00e9lica praticante, Marina tamb\u00e9m marcou presen\u00e7a contra o principal advers\u00e1rio na corrida presidencial, mesmo quando surgiram pontos pol\u00eamicos como casamento homoafetivo e aborto. A candidata da Rede admitiu que pessoalmente \u00e9 contra, mas considera ideal, como eventual futura governante do Brasil, fazer um plebiscito para que a popula\u00e7\u00e3o debate e escolha o caminho a ser seguido.<\/p>\n<p>Pesquisa encomendada pela XP investimentos, divulgada nesta sexta-feira, mostrou Bolsonaro liderando a disputa nos cen\u00e1rios sem a presen\u00e7a de Lula com at\u00e9 23 por cento de apoio. Marina chega a 13 por cento. Lula, que est\u00e1 preso h\u00e1 dois meses, cumprindo pena por condena\u00e7\u00e3o por corrup\u00e7\u00e3o e lavagem de dinheiro no caso do tr\u00edplex do Guaruj\u00e1 (SP), dever\u00e1 ser impedido de concorrer devido \u00e0 Lei da Ficha Limpa.<\/p>\n<p>Marina lamentou na entrevista o pouco tempo de propaganda que ter\u00e1 no r\u00e1dio e na TV durante o hor\u00e1rio eleitoral gratuito e os escassos recursos disponibilizados pelo fundo eleitoral, que, para ela, foi elaborado para preservar os interesses dos partidos que h\u00e1 anos dominam o jogo pol\u00edtico: PT, PSDB e MDB.<\/p>\n<p><strong>PETROBRAS<\/strong><\/p>\n<p>A candidata da Rede tamb\u00e9m entrou na pol\u00eamica sobre a pol\u00edtica de pre\u00e7os da Petrobras, que causou uma greve de caminhoneiros de 11 dias que parou boa parte do Brasil e seus efeitos ser\u00e3o sentidos por um bom tempo sobre a economia.<\/p>\n<p>Para ela, o governo precisa preservar os interesses da Petrobras, que est\u00e1 inserida num ambiente de economia de mercado, mas sem penalizar os consumidores com altas quase di\u00e1rias nos pre\u00e7os dos combust\u00edveis, como vinha sendo praticado especialmente na gest\u00e3o do ex-presidente da estatal Pedro Parente.<\/p>\n<p>&#8220;O Brasil n\u00e3o pode achar que pode passar pre\u00e7os do combust\u00edvel todo dia ao consumidor em um pa\u00eds que depende do transporte de cargas&#8221;, defendeu, ao frisar que se eleita vai priorizar investimentos em ferrovias e hidrovias e buscar\u00e1 uma matriz energ\u00e9tica mais limpa.<\/p>\n<p><strong>CARIRI EM A\u00c7\u00c3O<\/strong><\/p>\n<p>Com Brasil 247\/Foto:\u00a0Brasil 247<\/p>\n<p>Leia mais not\u00edcias em\u00a0<a href=\"http:\/\/www.caririemacao.com\/\">caririemacao.com<\/a>, siga nossa p\u00e1gina no\u00a0<a href=\"https:\/\/www.facebook.com\/CaririEmAcao\/?ref=aymt_homepage_panel\">Facebook<\/a>,\u00a0<a href=\"https:\/\/www.instagram.com\/cariri_em_acao\/?hl=pt-br\">Instagram<\/a>\u00a0e\u00a0<a href=\"https:\/\/www.youtube.com\/channel\/UCAptA0jQuYQy8vMhLt2m4qg\">Youtube<\/a>\u00a0e veja nossas mat\u00e9rias, v\u00eddeos e fotos. Voc\u00ea tamb\u00e9m pode enviar informa\u00e7\u00f5es \u00e0 Reda\u00e7\u00e3o do Portal Cariri em A\u00e7\u00e3o pelo WhatsApp (83) 9 9634.5791, (83) 9 9601-1162.<\/p>\n","protected":false},"excerpt":{"rendered":"<p>A pr\u00e9-candidata da Rede \u00e0 Presid\u00eancia da Rep\u00fablica, Marina Silva, afirmou nessa sexta-feira que considera um erro a pol\u00edtica de todos contra um, numa alus\u00e3o&hellip; <\/p>\n","protected":false},"author":2,"featured_media":53713,"comment_status":"closed","ping_status":"closed","sticky":false,"template":"","format":"standard","meta":{"sfsi_plus_gutenberg_text_before_share":"","sfsi_plus_gutenberg_show_text_before_share":"","sfsi_plus_gutenberg_icon_type":"","sfsi_plus_gutenberg_icon_alignemt":"","sfsi_plus_gutenburg_max_per_row":"","footnotes":""},"categories":[11],"tags":[],"class_list":["post-53712","post","type-post","status-publish","format-standard","has-post-thumbnail","hentry","category-politica"],"_links":{"self":[{"href":"https:\/\/www.caririemacao.com\/1\/wp-json\/wp\/v2\/posts\/53712","targetHints":{"allow":["GET"]}}],"collection":[{"href":"https:\/\/www.caririemacao.com\/1\/wp-json\/wp\/v2\/posts"}],"about":[{"href":"https:\/\/www.caririemacao.com\/1\/wp-json\/wp\/v2\/types\/post"}],"author":[{"embeddable":true,"href":"https:\/\/www.caririemacao.com\/1\/wp-json\/wp\/v2\/users\/2"}],"replies":[{"embeddable":true,"href":"https:\/\/www.caririemacao.com\/1\/wp-json\/wp\/v2\/comments?post=53712"}],"version-history":[{"count":0,"href":"https:\/\/www.caririemacao.com\/1\/wp-json\/wp\/v2\/posts\/53712\/revisions"}],"wp:featuredmedia":[{"embeddable":true,"href":"https:\/\/www.caririemacao.com\/1\/wp-json\/wp\/v2\/media\/53713"}],"wp:attachment":[{"href":"https:\/\/www.caririemacao.com\/1\/wp-json\/wp\/v2\/media?parent=53712"}],"wp:term":[{"taxonomy":"category","embeddable":true,"href":"https:\/\/www.caririemacao.com\/1\/wp-json\/wp\/v2\/categories?post=53712"},{"taxonomy":"post_tag","embeddable":true,"href":"https:\/\/www.caririemacao.com\/1\/wp-json\/wp\/v2\/tags?post=53712"}],"curies":[{"name":"wp","href":"https:\/\/api.w.org\/{rel}","templated":true}]}}