{"id":53734,"date":"2018-06-08T23:30:32","date_gmt":"2018-06-09T02:30:32","guid":{"rendered":"http:\/\/caririemacao.com\/1\/?p=53734"},"modified":"2018-06-08T23:30:32","modified_gmt":"2018-06-09T02:30:32","slug":"hasteamento-das-bandeiras-abriu-os-59-anos-em-sao-sebastiao-do-umbuzeiro-2","status":"publish","type":"post","link":"https:\/\/www.caririemacao.com\/1\/2018\/06\/08\/hasteamento-das-bandeiras-abriu-os-59-anos-em-sao-sebastiao-do-umbuzeiro-2\/","title":{"rendered":"Hasteamento das bandeiras abriu os 59 anos em S\u00e3o Sebasti\u00e3o do Umbuzeiro"},"content":{"rendered":"<p>A cerim\u00f4nia de hasteamento das bandeiras, realizada no in\u00edcio da manh\u00e3 desta sexta-feira (08), em frente \u00e0 prefeitura, marcou o in\u00edcio das comemora\u00e7\u00f5es dos 59 anos de emancipa\u00e7\u00e3o pol\u00edtica do munic\u00edpio de S\u00e3o Sebasti\u00e3o do Umbuzeiro.<\/p>\n<p><a href=\"http:\/\/caririemacao.com\/1\/wp-content\/uploads\/2018\/06\/DSC_0075.jpg\"><img fetchpriority=\"high\" decoding=\"async\" class=\"aligncenter wp-image-53722 size-full\" src=\"http:\/\/caririemacao.com\/1\/wp-content\/uploads\/2018\/06\/DSC_0075.jpg\" alt=\"\" width=\"800\" height=\"533\" srcset=\"https:\/\/www.caririemacao.com\/1\/wp-content\/uploads\/2018\/06\/DSC_0075.jpg 800w, https:\/\/www.caririemacao.com\/1\/wp-content\/uploads\/2018\/06\/DSC_0075-300x200.jpg 300w, https:\/\/www.caririemacao.com\/1\/wp-content\/uploads\/2018\/06\/DSC_0075-768x512.jpg 768w\" sizes=\"(max-width: 800px) 100vw, 800px\" \/><\/a><\/p>\n<p>O ato contou com a presen\u00e7a prefeito Adriano Wolff, vice-prefeito, Chico Mariano, dos secret\u00e1rios municipais, vereadores e da popula\u00e7\u00e3o.<\/p>\n<p><strong>Veja Fotos<\/strong><\/p>\n<p><a href=\"https:\/\/www.facebook.com\/pg\/CaririEmAcao\/photos\/?tab=album&amp;album_id=1257732911029396\">Solenidade de Hasteamento da Bandeiras-Ssu 59 anos de emancipa\u00e7\u00e3o<\/a><\/p>\n<p><strong>CARIRI EM A\u00c7\u00c3O<\/strong><\/p>\n<p>Leia mais not\u00edcias em\u00a0<a href=\"http:\/\/www.caririemacao.com\/\">caririemacao.com<\/a>, siga nossa p\u00e1gina no\u00a0<a href=\"https:\/\/www.facebook.com\/CaririEmAcao\/?ref=aymt_homepage_panel\">Facebook<\/a>,\u00a0<a href=\"https:\/\/www.instagram.com\/cariri_em_acao\/?hl=pt-br\">Instagram<\/a>\u00a0e <a href=\"https:\/\/www.youtube.com\/channel\/UCAptA0jQuYQy8vMhLt2m4qg\">Youtube<\/a>\u00a0e veja nossas mat\u00e9rias, v\u00eddeos e fotos. Voc\u00ea tamb\u00e9m pode enviar informa\u00e7\u00f5es \u00e0 Reda\u00e7\u00e3o do Portal Cariri em A\u00e7\u00e3o pelo WhatsApp (83) 9 9634.5791, (83) 9 9601-1162.<\/p>\n","protected":false},"excerpt":{"rendered":"<p>A cerim\u00f4nia de hasteamento das bandeiras, realizada no in\u00edcio da manh\u00e3 desta sexta-feira (08), em frente \u00e0 prefeitura, marcou o in\u00edcio das comemora\u00e7\u00f5es dos 59&hellip; <\/p>\n","protected":false},"author":2,"featured_media":53720,"comment_status":"closed","ping_status":"closed","sticky":false,"template":"","format":"standard","meta":{"sfsi_plus_gutenberg_text_before_share":"","sfsi_plus_gutenberg_show_text_before_share":"","sfsi_plus_gutenberg_icon_type":"","sfsi_plus_gutenberg_icon_alignemt":"","sfsi_plus_gutenburg_max_per_row":"","footnotes":""},"categories":[6],"tags":[],"class_list":["post-53734","post","type-post","status-publish","format-standard","has-post-thumbnail","hentry","category-cidades"],"_links":{"self":[{"href":"https:\/\/www.caririemacao.com\/1\/wp-json\/wp\/v2\/posts\/53734","targetHints":{"allow":["GET"]}}],"collection":[{"href":"https:\/\/www.caririemacao.com\/1\/wp-json\/wp\/v2\/posts"}],"about":[{"href":"https:\/\/www.caririemacao.com\/1\/wp-json\/wp\/v2\/types\/post"}],"author":[{"embeddable":true,"href":"https:\/\/www.caririemacao.com\/1\/wp-json\/wp\/v2\/users\/2"}],"replies":[{"embeddable":true,"href":"https:\/\/www.caririemacao.com\/1\/wp-json\/wp\/v2\/comments?post=53734"}],"version-history":[{"count":0,"href":"https:\/\/www.caririemacao.com\/1\/wp-json\/wp\/v2\/posts\/53734\/revisions"}],"wp:featuredmedia":[{"embeddable":true,"href":"https:\/\/www.caririemacao.com\/1\/wp-json\/wp\/v2\/media\/53720"}],"wp:attachment":[{"href":"https:\/\/www.caririemacao.com\/1\/wp-json\/wp\/v2\/media?parent=53734"}],"wp:term":[{"taxonomy":"category","embeddable":true,"href":"https:\/\/www.caririemacao.com\/1\/wp-json\/wp\/v2\/categories?post=53734"},{"taxonomy":"post_tag","embeddable":true,"href":"https:\/\/www.caririemacao.com\/1\/wp-json\/wp\/v2\/tags?post=53734"}],"curies":[{"name":"wp","href":"https:\/\/api.w.org\/{rel}","templated":true}]}}