{"id":53736,"date":"2018-06-08T23:32:20","date_gmt":"2018-06-09T02:32:20","guid":{"rendered":"http:\/\/caririemacao.com\/1\/?p=53736"},"modified":"2018-06-08T23:32:20","modified_gmt":"2018-06-09T02:32:20","slug":"prefeito-entrega-casas-e-carros-a-populacao-em-sao-sebastiao-do-umbuzeiro-2","status":"publish","type":"post","link":"https:\/\/www.caririemacao.com\/1\/2018\/06\/08\/prefeito-entrega-casas-e-carros-a-populacao-em-sao-sebastiao-do-umbuzeiro-2\/","title":{"rendered":"Prefeito entrega casas e carros \u00e0 popula\u00e7\u00e3o em S\u00e3o Sebasti\u00e3o do Umbuzeiro"},"content":{"rendered":"<p>Durante os festejos dos 59 anos de emancipa\u00e7\u00e3o pol\u00edtica do munic\u00edpio de S\u00e3o Sebasti\u00e3o do Umbuzeiro, realizado nesta sexta-feira, dia 08, o prefeito Adriano Wolff beneficiou 39 fam\u00edlias umbuzeirenses com a entrega de 39 casas populares do programa Minha Casa Minha Vida.<\/p>\n<p><a href=\"http:\/\/caririemacao.com\/1\/wp-content\/uploads\/2018\/06\/IMG_3528.jpg\"><img fetchpriority=\"high\" decoding=\"async\" class=\"aligncenter wp-image-53727 size-full\" src=\"http:\/\/caririemacao.com\/1\/wp-content\/uploads\/2018\/06\/IMG_3528.jpg\" alt=\"\" width=\"800\" height=\"533\" srcset=\"https:\/\/www.caririemacao.com\/1\/wp-content\/uploads\/2018\/06\/IMG_3528.jpg 800w, https:\/\/www.caririemacao.com\/1\/wp-content\/uploads\/2018\/06\/IMG_3528-300x200.jpg 300w, https:\/\/www.caririemacao.com\/1\/wp-content\/uploads\/2018\/06\/IMG_3528-768x512.jpg 768w\" sizes=\"(max-width: 800px) 100vw, 800px\" \/><\/a><\/p>\n<p>O novo bairro da cidade foi denominado Conjunto Habitacional Paulo Bezerra de Figueiredo e est\u00e1 localizado na sa\u00edda para o munic\u00edpio de S\u00e3o Jo\u00e3o do Tigre.<\/p>\n<p><a href=\"http:\/\/caririemacao.com\/1\/wp-content\/uploads\/2018\/06\/DSC_0116.jpg\"><img decoding=\"async\" class=\"aligncenter wp-image-53728 size-full lazyload\" data-src=\"http:\/\/caririemacao.com\/1\/wp-content\/uploads\/2018\/06\/DSC_0116.jpg\" alt=\"\" width=\"800\" height=\"533\" data-srcset=\"https:\/\/www.caririemacao.com\/1\/wp-content\/uploads\/2018\/06\/DSC_0116.jpg 800w, https:\/\/www.caririemacao.com\/1\/wp-content\/uploads\/2018\/06\/DSC_0116-300x200.jpg 300w, https:\/\/www.caririemacao.com\/1\/wp-content\/uploads\/2018\/06\/DSC_0116-768x512.jpg 768w\" data-sizes=\"(max-width: 800px) 100vw, 800px\" src=\"data:image\/svg+xml;base64,PHN2ZyB3aWR0aD0iMSIgaGVpZ2h0PSIxIiB4bWxucz0iaHR0cDovL3d3dy53My5vcmcvMjAwMC9zdmciPjwvc3ZnPg==\" style=\"--smush-placeholder-width: 800px; --smush-placeholder-aspect-ratio: 800\/533;\" \/><\/a><\/p>\n<p>Logo ap\u00f3s a entrega das casas, Adriano Wolff fez a entrega de tr\u00eas ve\u00edculos que passar\u00e3o a fazer parte da frota do munic\u00edpio, fruto de emendas dos deputados estaduais Adriano Galdino e Frei Anast\u00e1cio.<\/p>\n<p><a href=\"http:\/\/caririemacao.com\/1\/wp-content\/uploads\/2018\/06\/IMG_3802.jpg\"><img decoding=\"async\" class=\"aligncenter wp-image-53729 size-full lazyload\" data-src=\"http:\/\/caririemacao.com\/1\/wp-content\/uploads\/2018\/06\/IMG_3802.jpg\" alt=\"\" width=\"2592\" height=\"1728\" data-srcset=\"https:\/\/www.caririemacao.com\/1\/wp-content\/uploads\/2018\/06\/IMG_3802.jpg 1024w, https:\/\/www.caririemacao.com\/1\/wp-content\/uploads\/2018\/06\/IMG_3802-300x200.jpg 300w, https:\/\/www.caririemacao.com\/1\/wp-content\/uploads\/2018\/06\/IMG_3802-768x512.jpg 768w\" data-sizes=\"(max-width: 2592px) 100vw, 2592px\" src=\"data:image\/svg+xml;base64,PHN2ZyB3aWR0aD0iMSIgaGVpZ2h0PSIxIiB4bWxucz0iaHR0cDovL3d3dy53My5vcmcvMjAwMC9zdmciPjwvc3ZnPg==\" style=\"--smush-placeholder-width: 2592px; --smush-placeholder-aspect-ratio: 2592\/1728;\" \/><\/a><\/p>\n<p>Esteve participando das solenidades de entrega, al\u00e9m do prefeito Adriano Wolff, o vice-prefeito Chico Mariano, o deputado estadual Adriano Galdino, os vereadores Bernardes Dantas, Jailson Freitas, Celinha de Edmilson, Cicero Lira, D\u00eanis Freitas, presidente da C\u00e2mara de Vereadores e o ex-prefeito de S\u00e3o Sebasti\u00e3o do Umbuzeiro, Chico Neves.<\/p>\n<p><strong>Veja Fotos\u00a0<\/strong><\/p>\n<p><a href=\"https:\/\/www.facebook.com\/pg\/CaririEmAcao\/photos\/?tab=album&amp;album_id=1257713307698023\">Entrega das Casa- S.S Umbuzeiro 59 anos de emancipa\u00e7\u00e3o<\/a><\/p>\n<p><a href=\"https:\/\/www.facebook.com\/pg\/CaririEmAcao\/photos\/?tab=album&amp;album_id=1257752654360755\">Entrega de Ve\u00edculos- S.S. Umbuzeiro 59 anos de emancipa\u00e7\u00e3o<\/a><\/p>\n<p><strong>CARIRI EM A\u00c7\u00c3O<\/strong><\/p>\n<p>Leia mais not\u00edcias em\u00a0<a href=\"http:\/\/www.caririemacao.com\/\">caririemacao.com<\/a>, siga nossa p\u00e1gina no\u00a0<a href=\"https:\/\/www.facebook.com\/CaririEmAcao\/?ref=aymt_homepage_panel\">Facebook<\/a>,\u00a0<a href=\"https:\/\/www.instagram.com\/cariri_em_acao\/?hl=pt-br\">Instagram<\/a>\u00a0e <a href=\"https:\/\/www.youtube.com\/channel\/UCAptA0jQuYQy8vMhLt2m4qg\">Youtube<\/a>\u00a0e veja nossas mat\u00e9rias, v\u00eddeos e fotos. Voc\u00ea tamb\u00e9m pode enviar informa\u00e7\u00f5es \u00e0 Reda\u00e7\u00e3o do Portal Cariri em A\u00e7\u00e3o pelo WhatsApp (83) 9 9634.5791, (83) 9 9601-1162.<\/p>\n","protected":false},"excerpt":{"rendered":"<p>Durante os festejos dos 59 anos de emancipa\u00e7\u00e3o pol\u00edtica do munic\u00edpio de S\u00e3o Sebasti\u00e3o do Umbuzeiro, realizado nesta sexta-feira, dia 08, o prefeito Adriano Wolff&hellip; <\/p>\n","protected":false},"author":2,"featured_media":53725,"comment_status":"closed","ping_status":"closed","sticky":false,"template":"","format":"standard","meta":{"sfsi_plus_gutenberg_text_before_share":"","sfsi_plus_gutenberg_show_text_before_share":"","sfsi_plus_gutenberg_icon_type":"","sfsi_plus_gutenberg_icon_alignemt":"","sfsi_plus_gutenburg_max_per_row":"","footnotes":""},"categories":[2],"tags":[],"class_list":["post-53736","post","type-post","status-publish","format-standard","has-post-thumbnail","hentry","category-geral"],"_links":{"self":[{"href":"https:\/\/www.caririemacao.com\/1\/wp-json\/wp\/v2\/posts\/53736","targetHints":{"allow":["GET"]}}],"collection":[{"href":"https:\/\/www.caririemacao.com\/1\/wp-json\/wp\/v2\/posts"}],"about":[{"href":"https:\/\/www.caririemacao.com\/1\/wp-json\/wp\/v2\/types\/post"}],"author":[{"embeddable":true,"href":"https:\/\/www.caririemacao.com\/1\/wp-json\/wp\/v2\/users\/2"}],"replies":[{"embeddable":true,"href":"https:\/\/www.caririemacao.com\/1\/wp-json\/wp\/v2\/comments?post=53736"}],"version-history":[{"count":0,"href":"https:\/\/www.caririemacao.com\/1\/wp-json\/wp\/v2\/posts\/53736\/revisions"}],"wp:featuredmedia":[{"embeddable":true,"href":"https:\/\/www.caririemacao.com\/1\/wp-json\/wp\/v2\/media\/53725"}],"wp:attachment":[{"href":"https:\/\/www.caririemacao.com\/1\/wp-json\/wp\/v2\/media?parent=53736"}],"wp:term":[{"taxonomy":"category","embeddable":true,"href":"https:\/\/www.caririemacao.com\/1\/wp-json\/wp\/v2\/categories?post=53736"},{"taxonomy":"post_tag","embeddable":true,"href":"https:\/\/www.caririemacao.com\/1\/wp-json\/wp\/v2\/tags?post=53736"}],"curies":[{"name":"wp","href":"https:\/\/api.w.org\/{rel}","templated":true}]}}