{"id":53748,"date":"2018-06-08T23:57:15","date_gmt":"2018-06-09T02:57:15","guid":{"rendered":"http:\/\/caririemacao.com\/1\/?p=53748"},"modified":"2018-06-09T07:58:22","modified_gmt":"2018-06-09T10:58:22","slug":"prefeitura-incentiva-a-pratica-esportiva-dentro-dos-festejos-de-59-anos-de-emancipacao","status":"publish","type":"post","link":"https:\/\/www.caririemacao.com\/1\/2018\/06\/08\/prefeitura-incentiva-a-pratica-esportiva-dentro-dos-festejos-de-59-anos-de-emancipacao\/","title":{"rendered":"Prefeitura incentiva a pr\u00e1tica esportiva dentro dos festejos de 59 anos de emancipa\u00e7\u00e3o"},"content":{"rendered":"<p>Durante os festejos de Emancipa\u00e7\u00e3o Pol\u00edtica de S\u00e3o Sebasti\u00e3o do Umbuzeiro, o Departamento de Esportes, promoveu uma s\u00e9rie de atividades com a participa\u00e7\u00e3o de dezenas de atletas.<\/p>\n<p>Eles participaram de v\u00e1rias competi\u00e7\u00f5es, nas categorias: Corrida de 100 metros, Maratona, Ciclismo, todas com premia\u00e7\u00e3o do 1\u00ba ao 3\u00ba lugar.<\/p>\n<p><a href=\"http:\/\/caririemacao.com\/1\/wp-content\/uploads\/2018\/06\/IMG_3773.jpg\"><img fetchpriority=\"high\" decoding=\"async\" class=\"aligncenter wp-image-53739 size-full\" src=\"http:\/\/caririemacao.com\/1\/wp-content\/uploads\/2018\/06\/IMG_3773.jpg\" alt=\"\" width=\"800\" height=\"533\" srcset=\"https:\/\/www.caririemacao.com\/1\/wp-content\/uploads\/2018\/06\/IMG_3773.jpg 800w, https:\/\/www.caririemacao.com\/1\/wp-content\/uploads\/2018\/06\/IMG_3773-300x200.jpg 300w, https:\/\/www.caririemacao.com\/1\/wp-content\/uploads\/2018\/06\/IMG_3773-768x512.jpg 768w\" sizes=\"(max-width: 800px) 100vw, 800px\" \/><\/a><\/p>\n<p>Confira os vencedores, conforme sua modalidades<\/p>\n<p><strong>Maratona:<\/strong><\/p>\n<p>1\u00ba &#8211; C\u00edcero V. da Rocha, 2\u00ba &#8211; Gilmar de Oliveira Silva e 3\u00ba &#8211; Carlos Andr\u00e9 Alvas da Silva<\/p>\n<p><strong>Ciclismo:<\/strong><\/p>\n<p>1\u00ba &#8211; Marquinhos (Prata), 2\u00ba &#8211; V. Batista (Prata) e 3\u00ba &#8211; Anderson<\/p>\n<p><strong>Corrida de 100 metros (Masculino):<\/strong><\/p>\n<p>1\u00ba &#8211; Jos\u00e9 Eduardo (Caet\u00e9s-PE), 2\u00ba &#8211; Valt\u00e9cio (S.S. Umbuzeiro) e 3\u00ba &#8211; Jos\u00e9 Anderson (Zabel\u00ea)<\/p>\n<p><strong>Corrida de 100 metros (Feminino):<\/strong><\/p>\n<p>1\u00ba &#8211; Jessica (S.S. Umbuzeiro), 2\u00ba &#8211; Simone Bezerra (Venturosa- PE) e 3\u00ba &#8211; Gleciane (Zabel\u00ea)<\/p>\n<p><strong>CARIRI EM A\u00c7\u00c3O<\/strong><\/p>\n<p>Leia mais not\u00edcias em\u00a0<a href=\"http:\/\/www.caririemacao.com\/\">caririemacao.com<\/a>, siga nossa p\u00e1gina no\u00a0<a href=\"https:\/\/www.facebook.com\/CaririEmAcao\/?ref=aymt_homepage_panel\">Facebook<\/a>,\u00a0<a href=\"https:\/\/www.instagram.com\/cariri_em_acao\/?hl=pt-br\">Instagram<\/a>\u00a0e <a href=\"https:\/\/www.youtube.com\/channel\/UCAptA0jQuYQy8vMhLt2m4qg\">Youtube<\/a>\u00a0e veja nossas mat\u00e9rias, v\u00eddeos e fotos. Voc\u00ea tamb\u00e9m pode enviar informa\u00e7\u00f5es \u00e0 Reda\u00e7\u00e3o do Portal Cariri em A\u00e7\u00e3o pelo WhatsApp (83) 9 9634.5791, (83) 9 9601-1162.<\/p>\n","protected":false},"excerpt":{"rendered":"<p>Durante os festejos de Emancipa\u00e7\u00e3o Pol\u00edtica de S\u00e3o Sebasti\u00e3o do Umbuzeiro, o Departamento de Esportes, promoveu uma s\u00e9rie de atividades com a participa\u00e7\u00e3o de dezenas&hellip; <\/p>\n","protected":false},"author":2,"featured_media":53741,"comment_status":"closed","ping_status":"closed","sticky":false,"template":"","format":"standard","meta":{"sfsi_plus_gutenberg_text_before_share":"","sfsi_plus_gutenberg_show_text_before_share":"","sfsi_plus_gutenberg_icon_type":"","sfsi_plus_gutenberg_icon_alignemt":"","sfsi_plus_gutenburg_max_per_row":"","footnotes":""},"categories":[13],"tags":[],"class_list":["post-53748","post","type-post","status-publish","format-standard","has-post-thumbnail","hentry","category-esportes"],"_links":{"self":[{"href":"https:\/\/www.caririemacao.com\/1\/wp-json\/wp\/v2\/posts\/53748","targetHints":{"allow":["GET"]}}],"collection":[{"href":"https:\/\/www.caririemacao.com\/1\/wp-json\/wp\/v2\/posts"}],"about":[{"href":"https:\/\/www.caririemacao.com\/1\/wp-json\/wp\/v2\/types\/post"}],"author":[{"embeddable":true,"href":"https:\/\/www.caririemacao.com\/1\/wp-json\/wp\/v2\/users\/2"}],"replies":[{"embeddable":true,"href":"https:\/\/www.caririemacao.com\/1\/wp-json\/wp\/v2\/comments?post=53748"}],"version-history":[{"count":0,"href":"https:\/\/www.caririemacao.com\/1\/wp-json\/wp\/v2\/posts\/53748\/revisions"}],"wp:featuredmedia":[{"embeddable":true,"href":"https:\/\/www.caririemacao.com\/1\/wp-json\/wp\/v2\/media\/53741"}],"wp:attachment":[{"href":"https:\/\/www.caririemacao.com\/1\/wp-json\/wp\/v2\/media?parent=53748"}],"wp:term":[{"taxonomy":"category","embeddable":true,"href":"https:\/\/www.caririemacao.com\/1\/wp-json\/wp\/v2\/categories?post=53748"},{"taxonomy":"post_tag","embeddable":true,"href":"https:\/\/www.caririemacao.com\/1\/wp-json\/wp\/v2\/tags?post=53748"}],"curies":[{"name":"wp","href":"https:\/\/api.w.org\/{rel}","templated":true}]}}