{"id":53751,"date":"2018-06-09T08:20:35","date_gmt":"2018-06-09T11:20:35","guid":{"rendered":"http:\/\/caririemacao.com\/1\/?p=53751"},"modified":"2018-06-09T08:20:35","modified_gmt":"2018-06-09T11:20:35","slug":"lula-pede-a-petistas-que-facam-pacto-de-nao-agressao-com-ciro","status":"publish","type":"post","link":"https:\/\/www.caririemacao.com\/1\/2018\/06\/09\/lula-pede-a-petistas-que-facam-pacto-de-nao-agressao-com-ciro\/","title":{"rendered":"Lula pede a petistas que fa\u00e7am pacto de n\u00e3o-agress\u00e3o com Ciro"},"content":{"rendered":"<p>O ex-presidente Luiz In\u00e1cio Lula da Silva autorizou, em conversas com auxiliares, que seja costurado um pacto de n\u00e3o-agress\u00e3o com o candidato do PDT \u00e0 Presid\u00eancia da Rep\u00fablica, Ciro Gomes, com vistas ao segundo turno.<\/p>\n<p>Segundo petistas, a orienta\u00e7\u00e3o \u00e9 que o pedetista seja tratado como algu\u00e9m do mesmo campo pol\u00edtico. Emiss\u00e1rios do ex-presidente v\u00e3o procurar Ciro j\u00e1 na semana que vem.<\/p>\n<p>J\u00e1 que uma alian\u00e7a com PDT est\u00e1 praticamente descartada no primeiro turno, Lula tem citado dois nomes do Sudeste que gostaria ver na vice de uma eventual chapa do PT \u00e0 Presid\u00eancia.<\/p>\n<p>As op\u00e7\u00f5es s\u00e3o indicativas de que o ex-ministro Jaques Wagner \u00e9 o preferido de Lula para substitu\u00ed-lo caso seja mesmo impedido de concorrer. Como Wagner tem musculatura no Nordeste, um vice do Sudeste buscaria expandir esse eleitorado.<\/p>\n<p>Wagner tem, no entanto, resistido \u00e0 ideia de concorrer. Em tom de brincadeira, Lula tem repetido que Wagner est\u00e1 negando fogo. O ex-ministro tem sido pesadamente pressionado por governadores petistas para que assuma a tarefa. Em um jantar, chegou a dizer que n\u00e3o tem medo de processos. Mas que teria selado um compromisso com mulher e filhos.<\/p>\n<p>Os nomes cobi\u00e7ados por Lula s\u00e3o do ex-prefeito de Belo Horizonte M\u00e1rcio Lacerda (PSB) e do empres\u00e1rio Josu\u00e9 Gomes (PR). Josu\u00e9 \u00e9 filho do vice-presidente no governo de Lula, Jos\u00e9 de Alencar. Por isso, sua indica\u00e7\u00e3o seria simb\u00f3lica.<\/p>\n<p>A escolha de Lacerda poderia atrair o PSB para uma alian\u00e7a. Essa configura\u00e7\u00e3o depende, no entanto, de uma articula\u00e7\u00e3o como PSB e com PR. Al\u00e9m desses dois partidos, o PT inicia negocia\u00e7\u00f5es com o Pros. Se essa costura n\u00e3o prosperar, o PT poder\u00e1 convidar Manuela D\u2019Avila (PC do B) para compor a chapa, tamb\u00e9m na vice de Jaques Wagner.<\/p>\n<p>Sonhando com uma alian\u00e7a com o PSB para a corrida presidencial, o PT chegou a cogitar o nome de Renata Campos, vi\u00fava do ex-governador de\u00a0Pernambuco Eduardo Campos, para a vice. Nesse caso, o titular da chapa seria o ex-prefeito Fernando Haddad.<\/p>\n<p>O PT reuniu-se nessa sexta (8) em Contagem (MG) para fazer um\u00a0lan\u00e7amento simb\u00f3lico da candidatura presidencial de Lula, mesmo ele estando preso em Curitiba. A presidente do PT, Gleisi Hoffmann, disse que impedir Lula de se candidatar ser\u00e1 uma \u201cbrutalidade\u201d. \u201cSeria uma brutalidade, uma agress\u00e3o com o presidente, porque n\u00f3s estamos com recursos bem fundamentados em inst\u00e2ncias superiores\u201d, disse.<\/p>\n<p>Nem todos no partido pensam assim, contudo. Aliado de Ciro,\u00a0o governador petista do Cear\u00e1, Camilo Santana, faltou ao\u00a0evento.<\/p>\n<p><strong>CARIRI EM A\u00c7\u00c3O<\/strong><\/p>\n<p>Com Folha de S\u00e3o Pulo\/Foto: Reprodu\u00e7\u00e3o Internet<\/p>\n<p>Leia mais not\u00edcias em\u00a0<a href=\"http:\/\/www.caririemacao.com\/\">caririemacao.com<\/a>, siga nossa p\u00e1gina no\u00a0<a href=\"https:\/\/www.facebook.com\/CaririEmAcao\/?ref=aymt_homepage_panel\">Facebook<\/a>,\u00a0<a href=\"https:\/\/www.instagram.com\/cariri_em_acao\/?hl=pt-br\">Instagram<\/a>\u00a0e <a href=\"https:\/\/www.youtube.com\/channel\/UCAptA0jQuYQy8vMhLt2m4qg\">Youtube<\/a>\u00a0e veja nossas mat\u00e9rias, v\u00eddeos e fotos. Voc\u00ea tamb\u00e9m pode enviar informa\u00e7\u00f5es \u00e0 Reda\u00e7\u00e3o do Portal Cariri em A\u00e7\u00e3o pelo WhatsApp (83) 9 9634.5791, (83) 9 9601-1162.<\/p>\n","protected":false},"excerpt":{"rendered":"<p>O ex-presidente Luiz In\u00e1cio Lula da Silva autorizou, em conversas com auxiliares, que seja costurado um pacto de n\u00e3o-agress\u00e3o com o candidato do PDT \u00e0&hellip; <\/p>\n","protected":false},"author":2,"featured_media":52803,"comment_status":"closed","ping_status":"closed","sticky":false,"template":"","format":"standard","meta":{"sfsi_plus_gutenberg_text_before_share":"","sfsi_plus_gutenberg_show_text_before_share":"","sfsi_plus_gutenberg_icon_type":"","sfsi_plus_gutenberg_icon_alignemt":"","sfsi_plus_gutenburg_max_per_row":"","footnotes":""},"categories":[1],"tags":[],"class_list":["post-53751","post","type-post","status-publish","format-standard","has-post-thumbnail","hentry","category-o-site"],"_links":{"self":[{"href":"https:\/\/www.caririemacao.com\/1\/wp-json\/wp\/v2\/posts\/53751","targetHints":{"allow":["GET"]}}],"collection":[{"href":"https:\/\/www.caririemacao.com\/1\/wp-json\/wp\/v2\/posts"}],"about":[{"href":"https:\/\/www.caririemacao.com\/1\/wp-json\/wp\/v2\/types\/post"}],"author":[{"embeddable":true,"href":"https:\/\/www.caririemacao.com\/1\/wp-json\/wp\/v2\/users\/2"}],"replies":[{"embeddable":true,"href":"https:\/\/www.caririemacao.com\/1\/wp-json\/wp\/v2\/comments?post=53751"}],"version-history":[{"count":0,"href":"https:\/\/www.caririemacao.com\/1\/wp-json\/wp\/v2\/posts\/53751\/revisions"}],"wp:featuredmedia":[{"embeddable":true,"href":"https:\/\/www.caririemacao.com\/1\/wp-json\/wp\/v2\/media\/52803"}],"wp:attachment":[{"href":"https:\/\/www.caririemacao.com\/1\/wp-json\/wp\/v2\/media?parent=53751"}],"wp:term":[{"taxonomy":"category","embeddable":true,"href":"https:\/\/www.caririemacao.com\/1\/wp-json\/wp\/v2\/categories?post=53751"},{"taxonomy":"post_tag","embeddable":true,"href":"https:\/\/www.caririemacao.com\/1\/wp-json\/wp\/v2\/tags?post=53751"}],"curies":[{"name":"wp","href":"https:\/\/api.w.org\/{rel}","templated":true}]}}