{"id":53753,"date":"2018-06-09T08:25:31","date_gmt":"2018-06-09T11:25:31","guid":{"rendered":"http:\/\/caririemacao.com\/1\/?p=53753"},"modified":"2018-06-09T08:25:31","modified_gmt":"2018-06-09T11:25:31","slug":"partidos-batem-o-martelo-e-micheline-e-vice-de-lucelio","status":"publish","type":"post","link":"https:\/\/www.caririemacao.com\/1\/2018\/06\/09\/partidos-batem-o-martelo-e-micheline-e-vice-de-lucelio\/","title":{"rendered":"Partidos batem o martelo e Micheline \u00e9 vice de Luc\u00e9lio"},"content":{"rendered":"<p>Em carta aberta assinada por cinco partidos, a m\u00e9dica Micheline Rodrigues (PSDB) foi apresentada, nesta sexta-feira (8), como pr\u00e9-candidata a vice-governadora na chapa de Luc\u00e9lio Cartaxo (PV). O documento \u00e9 assinado pelos presidentes estaduais do PV, PSDB, PSD, DC e PTC.<\/p>\n<p>Para as legendas, a aproxima\u00e7\u00e3o entre as duas lideran\u00e7as consolida a t\u00e3o esperada afina\u00e7\u00e3o entre Jo\u00e3o Pessoa e Campina Grande.<\/p>\n<p>\u201cLuc\u00e9lio e Micheline, mais do que a conex\u00e3o entre Jo\u00e3o Pessoa e Campina Grande, simbolizam um novo olhar para o estado inteiro\u201d, diz um trecho da nota.<\/p>\n<p><strong>Confira a nota, na \u00edntegra:<\/strong><\/p>\n<p><strong>Carta ao Povo da Para\u00edba<\/strong><\/p>\n<p>Os desafios que o Brasil enfrenta hoje t\u00eam exigido de todos um esfor\u00e7o permanente para vencer dificuldades e encontrar possibilidades de supera\u00e7\u00e3o.<\/p>\n<p>Na Para\u00edba n\u00e3o \u00e9 diferente.<\/p>\n<p>Mas aqui a esperan\u00e7a em dias melhores come\u00e7a a ganhar uma nova for\u00e7a, com perspectiva real de avan\u00e7o em um novo caminho.<\/p>\n<p>Esta vis\u00e3o de futuro, com um horizonte de realiza\u00e7\u00f5es transformadoras, nasce do sentimento de confian\u00e7a, compartilhado por muitos paraibanos e paraibanas, de que a uni\u00e3o com respeito, a conjun\u00e7\u00e3o de boas ideias, a soma de experi\u00eancias exitosas e a capacidade de trabalho podem produzir uma Para\u00edba melhor para cada paraibano e, sobretudo, para o conjunto da sociedade.<\/p>\n<p>Sempre para TODOS, nunca para poucos.<\/p>\n<p>E nesta caminhada, que nos levar\u00e1 juntos a uma Para\u00edba renovada, com as conquistas sonhadas por cada um que ama e vive o nosso estado, temos hoje mais uma boa nova a anunciar.<\/p>\n<p>\u00c9 hora de mais um passo na constru\u00e7\u00e3o do futuro que come\u00e7a quando tantas vozes ganham espa\u00e7o e promovem um di\u00e1logo franco, que aponta objetivos comuns a uma popula\u00e7\u00e3o inteira.<\/p>\n<p>Uma Para\u00edba mais Forte, Solid\u00e1ria, Livre, Justa e Feliz \u00e9 o que queremos.<\/p>\n<p>Um Futuro que traz Esperan\u00e7a \u00e9 o que propomos.<\/p>\n<p>Uma nova forma de Pensar e Fazer \u00e9 o que n\u00f3s praticamos, todos os dias.<\/p>\n<p>Este projeto, representado pelo apoio ao nome de Luc\u00e9lio Cartaxo, pr\u00e9-candidato ao governo da Para\u00edba, amplia suas bases, congrega importantes for\u00e7as sociais e populares e registra hoje uma decisiva manifesta\u00e7\u00e3o de unidade e legitimidade.<\/p>\n<p>Ao lado de Luc\u00e9lio, agora na condi\u00e7\u00e3o de pr\u00e9-candidata ao cargo de vice-governadora, temos a alegria de apresentar \u00e0 Para\u00edba o nome de Micheline Rodrigues.<\/p>\n<p>A aproxima\u00e7\u00e3o, movida pelos melhores prop\u00f3sitos, entre dois representantes de uma nova gera\u00e7\u00e3o de figuras p\u00fablicas, que consolida a t\u00e3o esperada afina\u00e7\u00e3o entre Jo\u00e3o Pessoa e Campina Grande, que reafirma a certeza de que a Pol\u00edtica pode e deve ser um lugar de converg\u00eancias, no qual homens e mulheres protagonizam uma trajet\u00f3ria democr\u00e1tica rumo ao novo.<\/p>\n<p>M\u00e9dica, cidad\u00e3, militante, mulher da luta por um mundo mais humano, Micheline Rodrigues est\u00e1 no lugar certo, na hora precisa, com as m\u00e3os e o cora\u00e7\u00e3o abertos para, como sempre fez, cumprir o seu compromisso com a Para\u00edba<\/p>\n<p>Luc\u00e9lio e Micheline, mais do que a conex\u00e3o entre Jo\u00e3o Pessoa e Campina Grande, simbolizam um novo olhar para o estado inteiro, para cada munic\u00edpio do nosso territ\u00f3rio, para cada crian\u00e7a, cada jovem, cada adulto que nunca desistiu de sonhar e acreditar.<\/p>\n<p>Do Sert\u00e3o \u00e0 capital, em todas as regi\u00f5es, surge uma luz diferente, a luz da Esperan\u00e7a, com a for\u00e7a da Verdade e da Confian\u00e7a em um Novo Tempo, iluminando uma Para\u00edba mais Humana que se reencontrar\u00e1 com sua Hist\u00f3ria de Luta e abra\u00e7ar\u00e1 o seu Futuro de Conquistas.<\/p>\n<p>Assinam,<\/p>\n<p><strong>Eva Gouveia<\/strong><br \/>\nPresidente Estadual do PSD<\/p>\n<p><strong>Ruy Carneiro<\/strong><br \/>\nPresidente Estadual do PSDB<\/p>\n<p><strong>Luciano Cartaxo<\/strong><br \/>\nPresidente Estadual do PV<\/p>\n<p><strong>Jo\u00e3o Corujinha<\/strong><br \/>\nPresidente Estadual do DC<\/p>\n<p><strong>F\u00e1bio Jos\u00e9 Lins<\/strong><br \/>\nPresidente Estadual do PTC<\/p>\n<p><strong>CARIRI EM A\u00c7\u00c3O<\/strong><\/p>\n<p>Com Portal Correio\/Foto: Reprodu\u00e7\u00e3o Internet<\/p>\n<p>Leia mais not\u00edcias em\u00a0<a href=\"http:\/\/www.caririemacao.com\/\">caririemacao.com<\/a>, siga nossa p\u00e1gina no\u00a0<a href=\"https:\/\/www.facebook.com\/CaririEmAcao\/?ref=aymt_homepage_panel\">Facebook<\/a>,\u00a0<a href=\"https:\/\/www.instagram.com\/cariri_em_acao\/?hl=pt-br\">Instagram<\/a>\u00a0e <a href=\"https:\/\/www.youtube.com\/channel\/UCAptA0jQuYQy8vMhLt2m4qg\">Youtube<\/a>\u00a0e veja nossas mat\u00e9rias, v\u00eddeos e fotos. Voc\u00ea tamb\u00e9m pode enviar informa\u00e7\u00f5es \u00e0 Reda\u00e7\u00e3o do Portal Cariri em A\u00e7\u00e3o pelo WhatsApp (83) 9 9634.5791, (83) 9 9601-1162.<\/p>\n","protected":false},"excerpt":{"rendered":"<p>Em carta aberta assinada por cinco partidos, a m\u00e9dica Micheline Rodrigues (PSDB) foi apresentada, nesta sexta-feira (8), como pr\u00e9-candidata a vice-governadora na chapa de Luc\u00e9lio&hellip; <\/p>\n","protected":false},"author":2,"featured_media":53754,"comment_status":"closed","ping_status":"closed","sticky":false,"template":"","format":"standard","meta":{"sfsi_plus_gutenberg_text_before_share":"","sfsi_plus_gutenberg_show_text_before_share":"","sfsi_plus_gutenberg_icon_type":"","sfsi_plus_gutenberg_icon_alignemt":"","sfsi_plus_gutenburg_max_per_row":"","footnotes":""},"categories":[1],"tags":[],"class_list":["post-53753","post","type-post","status-publish","format-standard","has-post-thumbnail","hentry","category-o-site"],"_links":{"self":[{"href":"https:\/\/www.caririemacao.com\/1\/wp-json\/wp\/v2\/posts\/53753","targetHints":{"allow":["GET"]}}],"collection":[{"href":"https:\/\/www.caririemacao.com\/1\/wp-json\/wp\/v2\/posts"}],"about":[{"href":"https:\/\/www.caririemacao.com\/1\/wp-json\/wp\/v2\/types\/post"}],"author":[{"embeddable":true,"href":"https:\/\/www.caririemacao.com\/1\/wp-json\/wp\/v2\/users\/2"}],"replies":[{"embeddable":true,"href":"https:\/\/www.caririemacao.com\/1\/wp-json\/wp\/v2\/comments?post=53753"}],"version-history":[{"count":0,"href":"https:\/\/www.caririemacao.com\/1\/wp-json\/wp\/v2\/posts\/53753\/revisions"}],"wp:featuredmedia":[{"embeddable":true,"href":"https:\/\/www.caririemacao.com\/1\/wp-json\/wp\/v2\/media\/53754"}],"wp:attachment":[{"href":"https:\/\/www.caririemacao.com\/1\/wp-json\/wp\/v2\/media?parent=53753"}],"wp:term":[{"taxonomy":"category","embeddable":true,"href":"https:\/\/www.caririemacao.com\/1\/wp-json\/wp\/v2\/categories?post=53753"},{"taxonomy":"post_tag","embeddable":true,"href":"https:\/\/www.caririemacao.com\/1\/wp-json\/wp\/v2\/tags?post=53753"}],"curies":[{"name":"wp","href":"https:\/\/api.w.org\/{rel}","templated":true}]}}