{"id":53760,"date":"2018-06-09T11:09:04","date_gmt":"2018-06-09T14:09:04","guid":{"rendered":"http:\/\/caririemacao.com\/1\/?p=53760"},"modified":"2018-06-09T11:12:57","modified_gmt":"2018-06-09T14:12:57","slug":"prefeitura-de-sume-lanca-programacao-de-quadrilhas-juninas-2","status":"publish","type":"post","link":"https:\/\/www.caririemacao.com\/1\/2018\/06\/09\/prefeitura-de-sume-lanca-programacao-de-quadrilhas-juninas-2\/","title":{"rendered":"Prefeitura de Sum\u00e9 lan\u00e7a programa\u00e7\u00e3o de quadrilhas juninas"},"content":{"rendered":"<p>Continuam neste s\u00e1bado (09) as quadrilhas juninas do munic\u00edpio de Sum\u00e9, a quadrilha dos Carregados- ano VI, ter\u00e1 sua concentra\u00e7\u00e3o em frente ao bar de Por\u00f4 (Rua Aleixo Bezerra), a partir das 18h, a apresenta\u00e7\u00e3o ser\u00e1 em frente \u00e0 Escola Desembargador Feitosa Ventura.<\/p>\n<p>No s\u00e1bado acontece ainda a partir das 19h, a quadrilha Flor do Mandacaru, no Bairro do Mandacaru.<\/p>\n<p>A novidade desse ano \u00e9 que ser\u00e1 realizada a 1\u00aa edi\u00e7\u00e3o da Namoradrilha de Sum\u00e9 na pr\u00f3xima ter\u00e7a-feira (12), com trio el\u00e9trico arrastando os foli\u00f5es pelas principais ruas do centro da cidade e Avenida 1\u00ba de Abril. A anima\u00e7\u00e3o ficar\u00e1 por conta de Felipe Warley no trio el\u00e9trico, e de Mercinho e Forr\u00f3 Canto da Serra no palco do Arrai\u00e1 Z\u00e9 Marcolino.<\/p>\n<p><strong>Confira a programa\u00e7\u00e3odas quadrilhas juninas\u00a0de Sum\u00e9:<\/strong><\/p>\n<table width=\"496\">\n<tbody>\n<tr>\n<td width=\"44\"><strong>Dia<\/strong><\/td>\n<td width=\"185\"><strong>NOME DA QUADRILHA<\/strong><\/td>\n<td width=\"152\"><strong>LOCAL<\/strong><\/td>\n<td width=\"114\"><strong>Hor\u00e1rio<\/strong><\/td>\n<\/tr>\n<tr>\n<td width=\"44\"><strong>9<\/strong><\/td>\n<td width=\"185\"><strong>CARREGADOS<\/strong><\/td>\n<td width=\"152\"><strong>DESEMBARGADOR<\/strong><\/td>\n<td width=\"114\"><strong>19:00H<\/strong><\/td>\n<\/tr>\n<tr>\n<td width=\"44\"><strong>9<\/strong><\/td>\n<td width=\"185\"><strong>FLOR DO MANDACARU<\/strong><\/td>\n<td width=\"152\"><strong>MANDACARU<\/strong><\/td>\n<td width=\"114\"><strong>19:00H<\/strong><\/td>\n<\/tr>\n<tr>\n<td width=\"44\"><strong>12<\/strong><\/td>\n<td width=\"185\"><strong>NAMORADRILHA<\/strong><\/td>\n<td width=\"152\"><strong>PALHO\u00c7\u00c3O<\/strong><\/td>\n<td width=\"114\"><strong>19H<\/strong><\/td>\n<\/tr>\n<tr>\n<td width=\"44\"><strong>15<\/strong><\/td>\n<td width=\"185\"><strong>EBDI<\/strong><\/td>\n<td width=\"152\"><strong>EM FRENTE EMPRESA<\/strong><\/td>\n<td width=\"114\"><strong>19:00H<\/strong><\/td>\n<\/tr>\n<tr>\n<td width=\"44\"><strong>16<\/strong><\/td>\n<td width=\"185\"><strong>URUSUL\u00c3O<\/strong><\/td>\n<td width=\"152\"><strong>POR TR\u00c1S JACINT\u00c3O<\/strong><\/td>\n<td width=\"114\"><strong>19:00H<\/strong><\/td>\n<\/tr>\n<tr>\n<td width=\"44\"><strong>17<\/strong><\/td>\n<td width=\"185\"><strong>TOPADOS<\/strong><\/td>\n<td width=\"152\"><strong>PALHO\u00c7\u00c3O<\/strong><\/td>\n<td width=\"114\"><strong>19:00H<\/strong><\/td>\n<\/tr>\n<tr>\n<td width=\"44\"><strong>17<\/strong><\/td>\n<td width=\"185\"><strong>ARRAIAL HUGO S. CRUZ<\/strong><\/td>\n<td width=\"152\"><strong>HUGO SANTA CRUZ<\/strong><\/td>\n<td width=\"114\"><strong>19:00H<\/strong><\/td>\n<\/tr>\n<tr>\n<td width=\"44\"><strong>17<\/strong><\/td>\n<td width=\"185\"><strong>ARRAIAL PIO X<\/strong><\/td>\n<td width=\"152\"><strong>PIO X<\/strong><\/td>\n<td width=\"114\"><strong>\u00a019h00<\/strong><\/td>\n<\/tr>\n<tr>\n<td width=\"44\"><strong>18<\/strong><\/td>\n<td width=\"185\"><strong>NOBERTO PRETO<\/strong><\/td>\n<td width=\"152\"><strong>PALHO\u00c7\u00c3O<\/strong><\/td>\n<td width=\"114\"><strong>19:00H<\/strong><\/td>\n<\/tr>\n<tr>\n<td width=\"44\"><strong>19<\/strong><\/td>\n<td width=\"185\"><strong>ARRETADILHA<\/strong><\/td>\n<td width=\"152\"><strong>ARRETADO<\/strong><\/td>\n<td width=\"114\"><strong>19:00H<\/strong><\/td>\n<\/tr>\n<tr>\n<td width=\"44\"><strong>20<\/strong><\/td>\n<td width=\"185\"><strong>TERCEIRA IDADE \/CRIAN\u00c7AS\/CRAS\/<\/strong><\/td>\n<td width=\"152\"><strong>PALHO\u00c7\u00c3O<\/strong><\/td>\n<td width=\"114\"><strong>19:00H<\/strong><\/td>\n<\/tr>\n<tr>\n<td width=\"44\"><strong>21<\/strong><\/td>\n<td width=\"185\"><strong>ASSIST\u00caNCIA SOCIAL<\/strong><\/td>\n<td width=\"152\"><strong>PALHO\u00c7\u00c3O<\/strong><\/td>\n<td width=\"114\"><strong>19:00H<\/strong><\/td>\n<\/tr>\n<tr>\n<td width=\"44\"><strong>21<\/strong><\/td>\n<td width=\"185\"><strong>VILA DE CHIQUINHA<\/strong><\/td>\n<td width=\"152\"><strong>RUA ANTONIO LEITE<\/strong><\/td>\n<td width=\"114\"><strong>19:00H<\/strong><\/td>\n<\/tr>\n<tr>\n<td width=\"44\"><strong>22<\/strong><\/td>\n<td width=\"185\"><strong>RAINHA SUCATA\/INFANTIL<\/strong><\/td>\n<td width=\"152\"><strong>PALHO\u00c7\u00c3O<\/strong><\/td>\n<td width=\"114\"><strong>19:00H<\/strong><\/td>\n<\/tr>\n<tr>\n<td width=\"44\"><strong>23<\/strong><\/td>\n<td width=\"185\"><strong>GRUPO FILHOS DA DAN\u00c7A<\/strong><\/td>\n<td width=\"152\"><strong>PALHO\u00c7AO<\/strong><\/td>\n<td width=\"114\"><strong>19:00H<\/strong><\/td>\n<\/tr>\n<tr>\n<td width=\"44\"><strong>24<\/strong><\/td>\n<td width=\"185\"><strong>QUADRILHA DOS TROCADOS<\/strong><\/td>\n<td width=\"152\"><strong>PALHO\u00c7\u00c3O<\/strong><\/td>\n<td width=\"114\"><strong>19:00H<\/strong><\/td>\n<\/tr>\n<tr>\n<td width=\"44\"><strong>25<\/strong><\/td>\n<td width=\"185\"><strong>RAINHA SUCATA \/ADULTO<\/strong><\/td>\n<td width=\"152\"><strong>BAIRRO ALTO<\/strong><strong>ALEGRE<\/strong><\/td>\n<td width=\"114\"><strong>19:00H<\/strong><\/td>\n<\/tr>\n<tr>\n<td width=\"44\"><strong>28<\/strong><\/td>\n<td width=\"185\"><strong>ENCOMENDAS<\/strong><\/td>\n<td width=\"152\"><strong>PALHO\u00c7\u00c3O<\/strong><\/td>\n<td width=\"114\"><strong>19:00H<\/strong><\/td>\n<\/tr>\n<tr>\n<td width=\"44\"><strong>28<\/strong><\/td>\n<td width=\"185\"><strong>JOCA PINTOSA<\/strong><\/td>\n<td width=\"152\"><strong>CONJUNTO<\/strong><\/td>\n<td width=\"114\"><strong>19:00H<\/strong><\/td>\n<\/tr>\n<tr>\n<td width=\"44\"><strong>29<\/strong><\/td>\n<td width=\"185\"><strong>VOLTA DA RO\u00c7A<\/strong><\/td>\n<td width=\"152\"><strong>VARZEA REDONDA<\/strong><\/td>\n<td width=\"114\"><strong>19:00H<\/strong><\/td>\n<\/tr>\n<tr>\n<td width=\"44\"><strong>30<\/strong><\/td>\n<td width=\"185\"><strong>QUADRILHA DE JORGE<\/strong><\/td>\n<td width=\"152\"><strong>PALHO\u00c7\u00c3O<\/strong><\/td>\n<td width=\"114\"><strong>19:00H<\/strong><\/td>\n<\/tr>\n<tr>\n<td width=\"44\"><strong>30<\/strong><\/td>\n<td width=\"185\"><strong>CARNA\u00daBA<\/strong><\/td>\n<td width=\"152\"><strong>CARNA\u00daBA<\/strong><\/td>\n<td width=\"114\"><strong>19:00H<\/strong><\/td>\n<\/tr>\n<tr>\n<td width=\"44\"><strong>14\/07<\/strong><\/td>\n<td width=\"185\"><strong>VOLTA DO RIO<\/strong><\/td>\n<td width=\"152\"><strong>VOLTA DO RIO<\/strong><\/td>\n<td width=\"114\"><strong>19:00H<\/strong><\/td>\n<\/tr>\n<\/tbody>\n<\/table>\n<p><strong>CARIRI EM A\u00c7\u00c3O<\/strong><\/p>\n<p>Com Ascom\/Foto: Ascom<\/p>\n<p>Leia mais not\u00edcias em\u00a0<a href=\"http:\/\/www.caririemacao.com\/\">caririemacao.com<\/a>, siga nossa p\u00e1gina no\u00a0<a href=\"https:\/\/www.facebook.com\/CaririEmAcao\/?ref=aymt_homepage_panel\">Facebook<\/a>,\u00a0<a href=\"https:\/\/www.instagram.com\/cariri_em_acao\/?hl=pt-br\">Instagram<\/a>\u00a0e\u00a0<a href=\"https:\/\/www.youtube.com\/channel\/UCAptA0jQuYQy8vMhLt2m4qg\">Youtube<\/a>\u00a0e veja nossas mat\u00e9rias, v\u00eddeos e fotos. Voc\u00ea tamb\u00e9m pode enviar informa\u00e7\u00f5es \u00e0 Reda\u00e7\u00e3o do Portal Cariri em A\u00e7\u00e3o pelo WhatsApp (83) 9 9634.5791, (83) 9 9601-1162.<\/p>\n","protected":false},"excerpt":{"rendered":"<p>Continuam neste s\u00e1bado (09) as quadrilhas juninas do munic\u00edpio de Sum\u00e9, a quadrilha dos Carregados- ano VI, ter\u00e1 sua concentra\u00e7\u00e3o em frente ao bar de&hellip; <\/p>\n","protected":false},"author":2,"featured_media":53695,"comment_status":"closed","ping_status":"closed","sticky":false,"template":"","format":"standard","meta":{"sfsi_plus_gutenberg_text_before_share":"","sfsi_plus_gutenberg_show_text_before_share":"","sfsi_plus_gutenberg_icon_type":"","sfsi_plus_gutenberg_icon_alignemt":"","sfsi_plus_gutenburg_max_per_row":"","footnotes":""},"categories":[6],"tags":[],"class_list":["post-53760","post","type-post","status-publish","format-standard","has-post-thumbnail","hentry","category-cidades"],"_links":{"self":[{"href":"https:\/\/www.caririemacao.com\/1\/wp-json\/wp\/v2\/posts\/53760","targetHints":{"allow":["GET"]}}],"collection":[{"href":"https:\/\/www.caririemacao.com\/1\/wp-json\/wp\/v2\/posts"}],"about":[{"href":"https:\/\/www.caririemacao.com\/1\/wp-json\/wp\/v2\/types\/post"}],"author":[{"embeddable":true,"href":"https:\/\/www.caririemacao.com\/1\/wp-json\/wp\/v2\/users\/2"}],"replies":[{"embeddable":true,"href":"https:\/\/www.caririemacao.com\/1\/wp-json\/wp\/v2\/comments?post=53760"}],"version-history":[{"count":0,"href":"https:\/\/www.caririemacao.com\/1\/wp-json\/wp\/v2\/posts\/53760\/revisions"}],"wp:featuredmedia":[{"embeddable":true,"href":"https:\/\/www.caririemacao.com\/1\/wp-json\/wp\/v2\/media\/53695"}],"wp:attachment":[{"href":"https:\/\/www.caririemacao.com\/1\/wp-json\/wp\/v2\/media?parent=53760"}],"wp:term":[{"taxonomy":"category","embeddable":true,"href":"https:\/\/www.caririemacao.com\/1\/wp-json\/wp\/v2\/categories?post=53760"},{"taxonomy":"post_tag","embeddable":true,"href":"https:\/\/www.caririemacao.com\/1\/wp-json\/wp\/v2\/tags?post=53760"}],"curies":[{"name":"wp","href":"https:\/\/api.w.org\/{rel}","templated":true}]}}