{"id":53766,"date":"2018-06-09T12:06:27","date_gmt":"2018-06-09T15:06:27","guid":{"rendered":"http:\/\/caririemacao.com\/1\/?p=53766"},"modified":"2018-06-09T12:59:43","modified_gmt":"2018-06-09T15:59:43","slug":"camara-realiza-sessao-solene-para-entrega-titulos-de-cidadania-umbuzeirense","status":"publish","type":"post","link":"https:\/\/www.caririemacao.com\/1\/2018\/06\/09\/camara-realiza-sessao-solene-para-entrega-titulos-de-cidadania-umbuzeirense\/","title":{"rendered":"C\u00e2mara realiza sess\u00e3o solene para entrega T\u00edtulos de Cidadania Umbuzeirense"},"content":{"rendered":"<p>A C\u00e2mara Municipal de S\u00e3o Sebasti\u00e3o do Umbuzeiro realizou na noite desta sexta-feira, dia 08, uma sess\u00e3o solene para a entrega de T\u00edtulos de Cidadania Umbuzeirense e Medalha ao M\u00e9rito.<\/p>\n<p>O evento aconteceu no plen\u00e1rio da sede do Poder Legislativo e teve o objetivo de homenagear pessoas que contribu\u00edram para a hist\u00f3ria do munic\u00edpio.<\/p>\n<p><a href=\"http:\/\/caririemacao.com\/1\/wp-content\/uploads\/2018\/06\/IMG_3924.jpg\"><img fetchpriority=\"high\" decoding=\"async\" class=\"aligncenter wp-image-53773 size-full\" src=\"http:\/\/caririemacao.com\/1\/wp-content\/uploads\/2018\/06\/IMG_3924.jpg\" alt=\"\" width=\"800\" height=\"533\" srcset=\"https:\/\/www.caririemacao.com\/1\/wp-content\/uploads\/2018\/06\/IMG_3924.jpg 800w, https:\/\/www.caririemacao.com\/1\/wp-content\/uploads\/2018\/06\/IMG_3924-300x200.jpg 300w, https:\/\/www.caririemacao.com\/1\/wp-content\/uploads\/2018\/06\/IMG_3924-768x512.jpg 768w\" sizes=\"(max-width: 800px) 100vw, 800px\" \/><\/a><\/p>\n<p>A sess\u00e3o contou com a presen\u00e7a dos vereadores, do prefeito Adriano Wollf, vice-prefeito Chico Mariano, do ex-prefeito Chico Neves e de v\u00e1rias lideran\u00e7as pol\u00edticas e de amigos e familiares dos homenageados.<\/p>\n<p><a href=\"http:\/\/caririemacao.com\/1\/wp-content\/uploads\/2018\/06\/IMG_3940.jpg\"><img decoding=\"async\" class=\"alignnone wp-image-53774 size-full lazyload\" data-src=\"http:\/\/caririemacao.com\/1\/wp-content\/uploads\/2018\/06\/IMG_3940.jpg\" alt=\"\" width=\"800\" height=\"533\" data-srcset=\"https:\/\/www.caririemacao.com\/1\/wp-content\/uploads\/2018\/06\/IMG_3940.jpg 800w, https:\/\/www.caririemacao.com\/1\/wp-content\/uploads\/2018\/06\/IMG_3940-300x200.jpg 300w, https:\/\/www.caririemacao.com\/1\/wp-content\/uploads\/2018\/06\/IMG_3940-768x512.jpg 768w\" data-sizes=\"(max-width: 800px) 100vw, 800px\" src=\"data:image\/svg+xml;base64,PHN2ZyB3aWR0aD0iMSIgaGVpZ2h0PSIxIiB4bWxucz0iaHR0cDovL3d3dy53My5vcmcvMjAwMC9zdmciPjwvc3ZnPg==\" style=\"--smush-placeholder-width: 800px; --smush-placeholder-aspect-ratio: 800\/533;\" \/><\/a><\/p>\n<p>O presidente da C\u00e2mara, vereador Denis Freitas, falou da import\u00e2ncia da homenagem e parabenizou seus colegas parlamentares pelas indica\u00e7\u00f5es.<\/p>\n<p><a href=\"http:\/\/caririemacao.com\/1\/wp-content\/uploads\/2018\/06\/IMG_3934.jpg\"><img decoding=\"async\" class=\"alignnone wp-image-53770 size-full lazyload\" data-src=\"http:\/\/caririemacao.com\/1\/wp-content\/uploads\/2018\/06\/IMG_3934.jpg\" alt=\"\" width=\"800\" height=\"533\" data-srcset=\"https:\/\/www.caririemacao.com\/1\/wp-content\/uploads\/2018\/06\/IMG_3934.jpg 800w, https:\/\/www.caririemacao.com\/1\/wp-content\/uploads\/2018\/06\/IMG_3934-300x200.jpg 300w, https:\/\/www.caririemacao.com\/1\/wp-content\/uploads\/2018\/06\/IMG_3934-768x512.jpg 768w\" data-sizes=\"(max-width: 800px) 100vw, 800px\" src=\"data:image\/svg+xml;base64,PHN2ZyB3aWR0aD0iMSIgaGVpZ2h0PSIxIiB4bWxucz0iaHR0cDovL3d3dy53My5vcmcvMjAwMC9zdmciPjwvc3ZnPg==\" style=\"--smush-placeholder-width: 800px; --smush-placeholder-aspect-ratio: 800\/533;\" \/><\/a><\/p>\n<p>Na sess\u00e3o solene foram homenageados:<\/p>\n<ul>\n<li><strong>Maria de Lourdes Ferreira da Silva;<\/strong><\/li>\n<li><strong>Genildo Jos\u00e9 de Carvalho C\u00e9sar;<\/strong><\/li>\n<li><strong>Jos\u00e9 Roberto de Lima;<\/strong><\/li>\n<li><strong>Fl\u00e1vio Romero Ferreira da Silva;<\/strong><\/li>\n<li><strong>Sarapi\u00e3o Bispo Monteiro<\/strong><\/li>\n<li><strong>Fernando Flor\u00eancio de Carvalho<\/strong><\/li>\n<\/ul>\n<p>Segundo o presidente Denis, a Sess\u00e3o Solene foi oportuna por fazer parte da programa\u00e7\u00e3o dos 59 anos de emancipa\u00e7\u00e3o pol\u00edtica de S\u00e3o Sebasti\u00e3o do Umbuzeiro.<\/p>\n<p><a href=\"https:\/\/www.facebook.com\/pg\/CaririEmAcao\/photos\/?tab=album&amp;album_id=1258123217657032\"><strong>CONFIRA TODAS AS FOTOS DA SESS\u00c3O SOLENE<\/strong><\/a><\/p>\n<p><strong>CARIRI EM A\u00c7\u00c3O<\/strong><\/p>\n<p>Leia mais not\u00edcias em\u00a0<a href=\"http:\/\/www.caririemacao.com\/\">caririemacao.com<\/a>, siga nossa p\u00e1gina no\u00a0<a href=\"https:\/\/www.facebook.com\/CaririEmAcao\/?ref=aymt_homepage_panel\">Facebook<\/a>,\u00a0<a href=\"https:\/\/www.instagram.com\/cariri_em_acao\/?hl=pt-br\">Instagram<\/a>\u00a0e <a href=\"https:\/\/www.youtube.com\/channel\/UCAptA0jQuYQy8vMhLt2m4qg\">Youtube<\/a>\u00a0e veja nossas mat\u00e9rias, v\u00eddeos e fotos. Voc\u00ea tamb\u00e9m pode enviar informa\u00e7\u00f5es \u00e0 Reda\u00e7\u00e3o do Portal Cariri em A\u00e7\u00e3o pelo WhatsApp (83) 9 9634.5791, (83) 9 9601-1162.<\/p>\n","protected":false},"excerpt":{"rendered":"<p>A C\u00e2mara Municipal de S\u00e3o Sebasti\u00e3o do Umbuzeiro realizou na noite desta sexta-feira, dia 08, uma sess\u00e3o solene para a entrega de T\u00edtulos de Cidadania&hellip; <\/p>\n","protected":false},"author":2,"featured_media":53771,"comment_status":"closed","ping_status":"closed","sticky":false,"template":"","format":"standard","meta":{"sfsi_plus_gutenberg_text_before_share":"","sfsi_plus_gutenberg_show_text_before_share":"","sfsi_plus_gutenberg_icon_type":"","sfsi_plus_gutenberg_icon_alignemt":"","sfsi_plus_gutenburg_max_per_row":"","footnotes":""},"categories":[11],"tags":[],"class_list":["post-53766","post","type-post","status-publish","format-standard","has-post-thumbnail","hentry","category-politica"],"_links":{"self":[{"href":"https:\/\/www.caririemacao.com\/1\/wp-json\/wp\/v2\/posts\/53766","targetHints":{"allow":["GET"]}}],"collection":[{"href":"https:\/\/www.caririemacao.com\/1\/wp-json\/wp\/v2\/posts"}],"about":[{"href":"https:\/\/www.caririemacao.com\/1\/wp-json\/wp\/v2\/types\/post"}],"author":[{"embeddable":true,"href":"https:\/\/www.caririemacao.com\/1\/wp-json\/wp\/v2\/users\/2"}],"replies":[{"embeddable":true,"href":"https:\/\/www.caririemacao.com\/1\/wp-json\/wp\/v2\/comments?post=53766"}],"version-history":[{"count":0,"href":"https:\/\/www.caririemacao.com\/1\/wp-json\/wp\/v2\/posts\/53766\/revisions"}],"wp:featuredmedia":[{"embeddable":true,"href":"https:\/\/www.caririemacao.com\/1\/wp-json\/wp\/v2\/media\/53771"}],"wp:attachment":[{"href":"https:\/\/www.caririemacao.com\/1\/wp-json\/wp\/v2\/media?parent=53766"}],"wp:term":[{"taxonomy":"category","embeddable":true,"href":"https:\/\/www.caririemacao.com\/1\/wp-json\/wp\/v2\/categories?post=53766"},{"taxonomy":"post_tag","embeddable":true,"href":"https:\/\/www.caririemacao.com\/1\/wp-json\/wp\/v2\/tags?post=53766"}],"curies":[{"name":"wp","href":"https:\/\/api.w.org\/{rel}","templated":true}]}}