{"id":53779,"date":"2018-06-09T12:49:34","date_gmt":"2018-06-09T15:49:34","guid":{"rendered":"http:\/\/caririemacao.com\/1\/?p=53779"},"modified":"2018-06-09T13:12:13","modified_gmt":"2018-06-09T16:12:13","slug":"karkara-e-forro-dos-bossas-encerram-comemoracoes-dos-59-anos-de-sao-sebastiao-do-umbuzeiro-2","status":"publish","type":"post","link":"https:\/\/www.caririemacao.com\/1\/2018\/06\/09\/karkara-e-forro-dos-bossas-encerram-comemoracoes-dos-59-anos-de-sao-sebastiao-do-umbuzeiro-2\/","title":{"rendered":"Karkar\u00e1 e Forr\u00f3 dos Bossas encerram comemora\u00e7\u00f5es dos 59 anos de S\u00e3o Sebasti\u00e3o do Umbuzeiro"},"content":{"rendered":"<p>A cidade de S\u00e3o Sebasti\u00e3o do Umbuzeiro comemorou nesta sexta-feira, dia 8 de junho, 59 anos de emancipa\u00e7\u00e3o pol\u00edtica e para comemorar este dia especial, a Prefeitura Municipal realizou uma vasta programa\u00e7\u00e3o.<\/p>\n<p>No per\u00edodo da manh\u00e3, aconteceu o hasteamento da bandeira, entrega de 39 casas e 03 ve\u00edculos, corrida de 100m para homens e mulheres, competi\u00e7\u00e3o de Mountaim Bike com 36 km. J\u00e1 a tarde, aconteceu o Encontro de Fanfarras.<\/p>\n<p><a href=\"http:\/\/caririemacao.com\/1\/wp-content\/uploads\/2018\/06\/DSC_0231.jpg\"><img fetchpriority=\"high\" decoding=\"async\" class=\"alignnone wp-image-53785 size-full\" src=\"http:\/\/caririemacao.com\/1\/wp-content\/uploads\/2018\/06\/DSC_0231.jpg\" alt=\"\" width=\"800\" height=\"533\" srcset=\"https:\/\/www.caririemacao.com\/1\/wp-content\/uploads\/2018\/06\/DSC_0231.jpg 800w, https:\/\/www.caririemacao.com\/1\/wp-content\/uploads\/2018\/06\/DSC_0231-300x200.jpg 300w, https:\/\/www.caririemacao.com\/1\/wp-content\/uploads\/2018\/06\/DSC_0231-768x512.jpg 768w\" sizes=\"(max-width: 800px) 100vw, 800px\" \/><\/a><\/p>\n<p>E para finalizar a festa dos 59 anos de S\u00e3o Sebasti\u00e3o do Umbuzeiro, a Prefeitura promoveu em Pra\u00e7a P\u00fablica, shows com Forroz\u00e3o Karkar\u00e1 e Forr\u00f3 dos Bossas.<\/p>\n<p><a href=\"http:\/\/caririemacao.com\/1\/wp-content\/uploads\/2018\/06\/IMG_4066.jpg\"><img decoding=\"async\" class=\"alignnone wp-image-53786 size-full lazyload\" data-src=\"http:\/\/caririemacao.com\/1\/wp-content\/uploads\/2018\/06\/IMG_4066.jpg\" alt=\"\" width=\"800\" height=\"533\" data-srcset=\"https:\/\/www.caririemacao.com\/1\/wp-content\/uploads\/2018\/06\/IMG_4066.jpg 800w, https:\/\/www.caririemacao.com\/1\/wp-content\/uploads\/2018\/06\/IMG_4066-300x200.jpg 300w, https:\/\/www.caririemacao.com\/1\/wp-content\/uploads\/2018\/06\/IMG_4066-768x512.jpg 768w\" data-sizes=\"(max-width: 800px) 100vw, 800px\" src=\"data:image\/svg+xml;base64,PHN2ZyB3aWR0aD0iMSIgaGVpZ2h0PSIxIiB4bWxucz0iaHR0cDovL3d3dy53My5vcmcvMjAwMC9zdmciPjwvc3ZnPg==\" style=\"--smush-placeholder-width: 800px; --smush-placeholder-aspect-ratio: 800\/533;\" \/><\/a><\/p>\n<p>O prefeito Adriano Wolff aproveitou para agradecer a presen\u00e7a de todos que participaram de toda a programa\u00e7\u00e3o ocorrida durante todo o dia 08.<\/p>\n<p><a href=\"https:\/\/www.facebook.com\/302749469861083\/photos\/?tab=album&amp;album_id=1258164790986208\"><strong>CONFIRA TODAS AS FOTOS DOS 59 ANOS DE S\u00c3O SEBASTI\u00c3O DO UMBUZEIRO<\/strong><\/a><\/p>\n<p><strong>CARIRI EM A\u00c7\u00c3O<\/strong><\/p>\n<p>Leia mais not\u00edcias em\u00a0<a href=\"http:\/\/www.caririemacao.com\/\">caririemacao.com<\/a>, siga nossa p\u00e1gina no\u00a0<a href=\"https:\/\/www.facebook.com\/CaririEmAcao\/?ref=aymt_homepage_panel\">Facebook<\/a>,\u00a0<a href=\"https:\/\/www.instagram.com\/cariri_em_acao\/?hl=pt-br\">Instagram<\/a>\u00a0e <a href=\"https:\/\/www.youtube.com\/channel\/UCAptA0jQuYQy8vMhLt2m4qg\">Youtube<\/a>\u00a0e veja nossas mat\u00e9rias, v\u00eddeos e fotos. Voc\u00ea tamb\u00e9m pode enviar informa\u00e7\u00f5es \u00e0 Reda\u00e7\u00e3o do Portal Cariri em A\u00e7\u00e3o pelo WhatsApp (83) 9 9634.5791, (83) 9 9601-1162.<\/p>\n","protected":false},"excerpt":{"rendered":"<p>A cidade de S\u00e3o Sebasti\u00e3o do Umbuzeiro comemorou nesta sexta-feira, dia 8 de junho, 59 anos de emancipa\u00e7\u00e3o pol\u00edtica e para comemorar este dia especial,&hellip; <\/p>\n","protected":false},"author":2,"featured_media":53777,"comment_status":"closed","ping_status":"closed","sticky":false,"template":"","format":"standard","meta":{"sfsi_plus_gutenberg_text_before_share":"","sfsi_plus_gutenberg_show_text_before_share":"","sfsi_plus_gutenberg_icon_type":"","sfsi_plus_gutenberg_icon_alignemt":"","sfsi_plus_gutenburg_max_per_row":"","footnotes":""},"categories":[2],"tags":[],"class_list":["post-53779","post","type-post","status-publish","format-standard","has-post-thumbnail","hentry","category-geral"],"_links":{"self":[{"href":"https:\/\/www.caririemacao.com\/1\/wp-json\/wp\/v2\/posts\/53779","targetHints":{"allow":["GET"]}}],"collection":[{"href":"https:\/\/www.caririemacao.com\/1\/wp-json\/wp\/v2\/posts"}],"about":[{"href":"https:\/\/www.caririemacao.com\/1\/wp-json\/wp\/v2\/types\/post"}],"author":[{"embeddable":true,"href":"https:\/\/www.caririemacao.com\/1\/wp-json\/wp\/v2\/users\/2"}],"replies":[{"embeddable":true,"href":"https:\/\/www.caririemacao.com\/1\/wp-json\/wp\/v2\/comments?post=53779"}],"version-history":[{"count":0,"href":"https:\/\/www.caririemacao.com\/1\/wp-json\/wp\/v2\/posts\/53779\/revisions"}],"wp:featuredmedia":[{"embeddable":true,"href":"https:\/\/www.caririemacao.com\/1\/wp-json\/wp\/v2\/media\/53777"}],"wp:attachment":[{"href":"https:\/\/www.caririemacao.com\/1\/wp-json\/wp\/v2\/media?parent=53779"}],"wp:term":[{"taxonomy":"category","embeddable":true,"href":"https:\/\/www.caririemacao.com\/1\/wp-json\/wp\/v2\/categories?post=53779"},{"taxonomy":"post_tag","embeddable":true,"href":"https:\/\/www.caririemacao.com\/1\/wp-json\/wp\/v2\/tags?post=53779"}],"curies":[{"name":"wp","href":"https:\/\/api.w.org\/{rel}","templated":true}]}}