{"id":53788,"date":"2018-06-09T20:18:28","date_gmt":"2018-06-09T23:18:28","guid":{"rendered":"http:\/\/caririemacao.com\/1\/?p=53788"},"modified":"2018-06-09T20:18:28","modified_gmt":"2018-06-09T23:18:28","slug":"ciro-admite-se-aliar-ao-pp-diz-que-nao-rivaliza-com-bolsonaro-e-que-lula-nao-sera-candidato","status":"publish","type":"post","link":"https:\/\/www.caririemacao.com\/1\/2018\/06\/09\/ciro-admite-se-aliar-ao-pp-diz-que-nao-rivaliza-com-bolsonaro-e-que-lula-nao-sera-candidato\/","title":{"rendered":"Ciro admite se aliar ao PP, diz que n\u00e3o rivaliza com Bolsonaro e que Lula n\u00e3o ser\u00e1 candidato"},"content":{"rendered":"<p>Ao participar de um evento em Buenos Aires, o presidenci\u00e1vel Ciro Gomes, do PDT, disse que em seu c\u00e1lculo, o ex-presidente Lula, que teve sua candidatura lan\u00e7ada em Contagem (MG), n\u00e3o ser\u00e1 candidato. \u201cEu n\u00e3o rivalizo com Bolsonaro, rivalizo com Lula, e Lula, no meu c\u00e1lculo do\u00eddo que seja, n\u00e3o ser\u00e1 candidato\u201d, disse ele, segundo relata a jornalista Jana\u00edna Figueiredo<\/p>\n<p>\u201cH\u00e1 16 anos, o presidente Lula assumiu o poder no Brasil e todos os dias, at\u00e9 hoje, eu o apoiei. E todas as vezes que fiz algum coment\u00e1rio que desagradou uma parte da burocracia do PT fui intensamente criticado, para usar uma palavra moderada. Por isso, compreendendo o trauma e pelo respeito pelo momento do PT, eu me reservo o direito de n\u00e3o fazer mais nenhum coment\u00e1rio sobre o PT e seus rumos estrat\u00e9gicos. O PT tem seu tempo a sua t\u00e1tica e eu tenho o meu tempo e minha t\u00e1tica\u201d, pontuou.<\/p>\n<p>Em sua fala, Ciro tamb\u00e9m admitiu a possibilidade de uma alian\u00e7a com partidos de direita, como DEM e PP, que pretende indicar Benjamin Steinbruch, da CSN, como seu vice. \u201c\u201dO que est\u00e1 em discuss\u00e3o n\u00e3o \u00e9 a sorte do PT e sim do Brasil. N\u00e3o podemos correr o risco de ver um golpe de Estado e as for\u00e7as que o praticaram serem legitimadas pelo voto popular\u201d, afirmou. \u201cNesse primeiro momento minha prioridade s\u00e3o o PSB e o PCdoB. Se esta alian\u00e7a se faz, posso avan\u00e7ar em partidos do centro \u00e0 direita, porque a hegemonia moral e intelectual do rumo estar\u00e1 afirmada. Poderia incluir o PP e o DEM, desde que eu tenha o PSB e o PCdoB.\u201d<\/p>\n<p><strong>CARIRI EM A\u00c7\u00c3O<\/strong><\/p>\n<p>Com Brasil247\/Foto: Reprodu\u00e7\u00e3o Internet<\/p>\n<p>Leia mais not\u00edcias em\u00a0<a href=\"http:\/\/www.caririemacao.com\/\">caririemacao.com<\/a>, siga nossa p\u00e1gina no\u00a0<a href=\"https:\/\/www.facebook.com\/CaririEmAcao\/?ref=aymt_homepage_panel\">Facebook<\/a>,\u00a0<a href=\"https:\/\/www.instagram.com\/cariri_em_acao\/?hl=pt-br\">Instagram<\/a>\u00a0e\u00a0<a href=\"https:\/\/www.youtube.com\/channel\/UCAptA0jQuYQy8vMhLt2m4qg\">Youtube<\/a>\u00a0e veja nossas mat\u00e9rias, v\u00eddeos e fotos. Voc\u00ea tamb\u00e9m pode enviar informa\u00e7\u00f5es \u00e0 Reda\u00e7\u00e3o do Portal Cariri em A\u00e7\u00e3o pelo WhatsApp (83) 9 9634.5791, (83) 9 9601-1162.<\/p>\n","protected":false},"excerpt":{"rendered":"<p>Ao participar de um evento em Buenos Aires, o presidenci\u00e1vel Ciro Gomes, do PDT, disse que em seu c\u00e1lculo, o ex-presidente Lula, que teve sua&hellip; <\/p>\n","protected":false},"author":2,"featured_media":52688,"comment_status":"closed","ping_status":"closed","sticky":false,"template":"","format":"standard","meta":{"sfsi_plus_gutenberg_text_before_share":"","sfsi_plus_gutenberg_show_text_before_share":"","sfsi_plus_gutenberg_icon_type":"","sfsi_plus_gutenberg_icon_alignemt":"","sfsi_plus_gutenburg_max_per_row":"","footnotes":""},"categories":[11],"tags":[],"class_list":["post-53788","post","type-post","status-publish","format-standard","has-post-thumbnail","hentry","category-politica"],"_links":{"self":[{"href":"https:\/\/www.caririemacao.com\/1\/wp-json\/wp\/v2\/posts\/53788","targetHints":{"allow":["GET"]}}],"collection":[{"href":"https:\/\/www.caririemacao.com\/1\/wp-json\/wp\/v2\/posts"}],"about":[{"href":"https:\/\/www.caririemacao.com\/1\/wp-json\/wp\/v2\/types\/post"}],"author":[{"embeddable":true,"href":"https:\/\/www.caririemacao.com\/1\/wp-json\/wp\/v2\/users\/2"}],"replies":[{"embeddable":true,"href":"https:\/\/www.caririemacao.com\/1\/wp-json\/wp\/v2\/comments?post=53788"}],"version-history":[{"count":0,"href":"https:\/\/www.caririemacao.com\/1\/wp-json\/wp\/v2\/posts\/53788\/revisions"}],"wp:featuredmedia":[{"embeddable":true,"href":"https:\/\/www.caririemacao.com\/1\/wp-json\/wp\/v2\/media\/52688"}],"wp:attachment":[{"href":"https:\/\/www.caririemacao.com\/1\/wp-json\/wp\/v2\/media?parent=53788"}],"wp:term":[{"taxonomy":"category","embeddable":true,"href":"https:\/\/www.caririemacao.com\/1\/wp-json\/wp\/v2\/categories?post=53788"},{"taxonomy":"post_tag","embeddable":true,"href":"https:\/\/www.caririemacao.com\/1\/wp-json\/wp\/v2\/tags?post=53788"}],"curies":[{"name":"wp","href":"https:\/\/api.w.org\/{rel}","templated":true}]}}