{"id":53790,"date":"2018-06-09T20:25:49","date_gmt":"2018-06-09T23:25:49","guid":{"rendered":"http:\/\/caririemacao.com\/1\/?p=53790"},"modified":"2018-06-09T20:25:49","modified_gmt":"2018-06-09T23:25:49","slug":"pt-vai-priorizar-alianca-com-pcdob-e-psb","status":"publish","type":"post","link":"https:\/\/www.caririemacao.com\/1\/2018\/06\/09\/pt-vai-priorizar-alianca-com-pcdob-e-psb\/","title":{"rendered":"PT vai priorizar alian\u00e7a com  PCDOB e PSB"},"content":{"rendered":"<p>O l\u00edder do PT na C\u00e2mara, Paulo Pimenta, afirmou neste s\u00e1bado, 9, que o partido dever\u00e1 priorizar alian\u00e7as com o PCdoB e com o PSB.\u00a0&#8220;O que n\u00f3s queremos \u00e9 construir com PCdoB e com PSB uma estrat\u00e9gia nacional comum&#8221;, disse Pimenta durante reuni\u00e3o da executiva nacional do PT em Belo Horizonte.<\/p>\n<p>\u201cO centro estrat\u00e9gico eleitoral do PT neste ano \u00e9 a vit\u00f3ria nacional, \u00e9 a elei\u00e7\u00e3o do presidente Lula. Portanto, todo debate que ocorrer\u00e1 nos estados obrigatoriamente ter\u00e1 que estar subordinado a esta estrat\u00e9gia\u201d, disse Pimenta.<\/p>\n<p>De acordo com ele, ainda n\u00e3o h\u00e1 defini\u00e7\u00e3o sobre quem seria o vice neste momento. Pimenta n\u00e3o descartou que a pr\u00e9-candidata a presidente, deputada Manuela D&#8217;\u00c1vila seja o nome escolhido para completar a chapa de Lula, mas colocou outros nomes em discuss\u00e3o. &#8220;O Josu\u00e9 Alencar, por exemplo, seria muito importante que o PR pudesse vir para esse di\u00e1logo tamb\u00e9m. Tem outros nomes do PSB eventualmente, ou de algum outro partido. N\u00e3o h\u00e1 uma necessidade de que esse nome seja do PT, pelo contr\u00e1rio, equilibra a chapa se tiver nome de outro partido.&#8221;<\/p>\n<p>Paulo Pimenta disse tamb\u00e9m que a candidatura da presidente deposta Dilma Rousseff ao Senado em Minas Gerais tamb\u00e9m \u00e9 uma das quest\u00f5es centrais na estrat\u00e9gia nacional do PT.<\/p>\n<p>Nessa sexta-feira, 8, o PT lan\u00e7ou a pr\u00e9-candidatura do ex-presidente Lula \u00e0 Presid\u00eancia da Rep\u00fablica, num evento que reuniu os principais l\u00edderes do partidos, entre deputados, senadores, prefeitos, governadores, al\u00e9m de intelectuais, artistas e l\u00edderes de movimentos populares. A presidente deposta Dilma Rousseff leu um manifesto escrito por Lula, em que ele defende a esperan\u00e7a para o Pa\u00eds voltar a ser feliz<\/p>\n<p><strong>CARIRI EM A\u00c7\u00c3O<\/strong><\/p>\n<p>Com Brasil 247\/Foto:\u00a0Brasil 247<\/p>\n<p>Leia mais not\u00edcias em\u00a0<a href=\"http:\/\/www.caririemacao.com\/\">caririemacao.com<\/a>, siga nossa p\u00e1gina no\u00a0<a href=\"https:\/\/www.facebook.com\/CaririEmAcao\/?ref=aymt_homepage_panel\">Facebook<\/a>,\u00a0<a href=\"https:\/\/www.instagram.com\/cariri_em_acao\/?hl=pt-br\">Instagram<\/a>\u00a0e\u00a0<a href=\"https:\/\/www.youtube.com\/channel\/UCAptA0jQuYQy8vMhLt2m4qg\">Youtube<\/a>\u00a0e veja nossas mat\u00e9rias, v\u00eddeos e fotos. Voc\u00ea tamb\u00e9m pode enviar informa\u00e7\u00f5es \u00e0 Reda\u00e7\u00e3o do Portal Cariri em A\u00e7\u00e3o pelo WhatsApp (83) 9 9634.5791, (83) 9 9601-1162.<\/p>\n","protected":false},"excerpt":{"rendered":"<p>O l\u00edder do PT na C\u00e2mara, Paulo Pimenta, afirmou neste s\u00e1bado, 9, que o partido dever\u00e1 priorizar alian\u00e7as com o PCdoB e com o PSB.\u00a0&#8220;O&hellip; <\/p>\n","protected":false},"author":2,"featured_media":53791,"comment_status":"closed","ping_status":"closed","sticky":false,"template":"","format":"standard","meta":{"sfsi_plus_gutenberg_text_before_share":"","sfsi_plus_gutenberg_show_text_before_share":"","sfsi_plus_gutenberg_icon_type":"","sfsi_plus_gutenberg_icon_alignemt":"","sfsi_plus_gutenburg_max_per_row":"","footnotes":""},"categories":[11],"tags":[],"class_list":["post-53790","post","type-post","status-publish","format-standard","has-post-thumbnail","hentry","category-politica"],"_links":{"self":[{"href":"https:\/\/www.caririemacao.com\/1\/wp-json\/wp\/v2\/posts\/53790","targetHints":{"allow":["GET"]}}],"collection":[{"href":"https:\/\/www.caririemacao.com\/1\/wp-json\/wp\/v2\/posts"}],"about":[{"href":"https:\/\/www.caririemacao.com\/1\/wp-json\/wp\/v2\/types\/post"}],"author":[{"embeddable":true,"href":"https:\/\/www.caririemacao.com\/1\/wp-json\/wp\/v2\/users\/2"}],"replies":[{"embeddable":true,"href":"https:\/\/www.caririemacao.com\/1\/wp-json\/wp\/v2\/comments?post=53790"}],"version-history":[{"count":0,"href":"https:\/\/www.caririemacao.com\/1\/wp-json\/wp\/v2\/posts\/53790\/revisions"}],"wp:featuredmedia":[{"embeddable":true,"href":"https:\/\/www.caririemacao.com\/1\/wp-json\/wp\/v2\/media\/53791"}],"wp:attachment":[{"href":"https:\/\/www.caririemacao.com\/1\/wp-json\/wp\/v2\/media?parent=53790"}],"wp:term":[{"taxonomy":"category","embeddable":true,"href":"https:\/\/www.caririemacao.com\/1\/wp-json\/wp\/v2\/categories?post=53790"},{"taxonomy":"post_tag","embeddable":true,"href":"https:\/\/www.caririemacao.com\/1\/wp-json\/wp\/v2\/tags?post=53790"}],"curies":[{"name":"wp","href":"https:\/\/api.w.org\/{rel}","templated":true}]}}