{"id":53793,"date":"2018-06-09T20:37:03","date_gmt":"2018-06-09T23:37:03","guid":{"rendered":"http:\/\/caririemacao.com\/1\/?p=53793"},"modified":"2018-06-09T20:37:03","modified_gmt":"2018-06-09T23:37:03","slug":"em-parceria-com-o-governo-do-estado-prefeitura-de-sume-realiza-a-entrega-de-alevinos-para-produtores","status":"publish","type":"post","link":"https:\/\/www.caririemacao.com\/1\/2018\/06\/09\/em-parceria-com-o-governo-do-estado-prefeitura-de-sume-realiza-a-entrega-de-alevinos-para-produtores\/","title":{"rendered":"Em parceria com o Governo do Estado, Prefeitura de Sum\u00e9 realiza a entrega de alevinos para produtores"},"content":{"rendered":"<p>Com o objetivo de incentivar a atividade de piscicultura e proporcionar uma alternativa saud\u00e1vel e diversificada para a alimenta\u00e7\u00e3o das fam\u00edlias rurais, a Prefeitura de Sum\u00e9 realizou nesta sexta-feira (08), na sede da Secretaria de Desenvolvimento Agropecu\u00e1rio, a entrega de alevinos para agricultores produtores.<\/p>\n<p>A a\u00e7\u00e3o aconteceu gra\u00e7as \u00e0 solicita\u00e7\u00e3o do prefeito \u00c9den Duarte juntamente ao secret\u00e1rio de Estado do Desenvolvimento da Agropecu\u00e1ria e da Pesca (SEDAP), R\u00f4mulo Montenegro;o diretor Presidente da Empresa Paraibana de Abastecimento e Servi\u00e7os Agr\u00edcolas (EMPASA), Jos\u00e9 Tavares Sobrinho e o Coordenador de Piscicultura da EMPASA Celso Duarte, que prontamente atenderam ao pedido e enviaram os alevinos para o programa de peixamento de a\u00e7udes do munic\u00edpio.<\/p>\n<p>A entrega foi feita pelo prefeito \u00c9den Duarte, secret\u00e1rio de Obras e Agricultura Isca Viana e Jos\u00e9 Rom\u00e9rio, engenheiro agr\u00f4nomo da Secretaria de Agricultura, e beneficiou al\u00e9m do a\u00e7ude p\u00fablico de Sum\u00e9, mais 18 mananciais p\u00fablicos e particulares.<\/p>\n<p>Paulo S\u00e9rgio, agricultor do Assentamento Mandacaru, disse que a a\u00e7\u00e3o da gest\u00e3o em parceria com o Governo do Estado veio na hora certa \u201cAp\u00f3s as \u00faltimas chuvas os mananciais est\u00e3o cheios, mas n\u00e3o t\u00ednhamos os peixes, mas gra\u00e7as \u00e0 atitude do prefeito, conseguimos os alevinos, incentivando assim a pesca e consequentemente garantindo o sustento para os assentados\u201d afirmou o benefici\u00e1rio.<\/p>\n<p>O prefeito \u00c9den Duarte informou que a entrega teve com o objetivo realizar a recupera\u00e7\u00e3o dos peixes em barragens e a\u00e7udes do munic\u00edpio, tendo em vista o longo per\u00edodo de estiagem em grande parte da regi\u00e3o. \u00c9den destacou ainda que a entrega \u00e9 fruto de um pedido do vereador Bomba e concretizada gra\u00e7as \u00e0 parceria com o Governo do Estado.<\/p>\n<div class=\"wall\">\n<div class=\"mc-column content-text active-extra-styles \" data-block-type=\"unstyled\" data-block-weight=\"35\" data-block-id=\"5\">\n<p><strong>CARIRI EM A\u00c7\u00c3O<\/strong><\/p>\n<p>Com Ascom\/Foto:\u00a0Ascom<\/p>\n<p>Leia mais not\u00edcias em\u00a0<a href=\"http:\/\/www.caririemacao.com\/\">caririemacao.com<\/a>, siga nossa p\u00e1gina no\u00a0<a href=\"https:\/\/www.facebook.com\/CaririEmAcao\/?ref=aymt_homepage_panel\">Facebook<\/a>,\u00a0<a href=\"https:\/\/www.instagram.com\/cariri_em_acao\/?hl=pt-br\">Instagram<\/a>\u00a0e\u00a0<a href=\"https:\/\/www.youtube.com\/channel\/UCAptA0jQuYQy8vMhLt2m4qg\">Youtube<\/a>\u00a0e veja nossas mat\u00e9rias, v\u00eddeos e fotos. Voc\u00ea tamb\u00e9m pode enviar informa\u00e7\u00f5es \u00e0 Reda\u00e7\u00e3o do Portal Cariri em A\u00e7\u00e3o pelo WhatsApp (83) 9 9634.5791, (83) 9 9601-1162.<\/p>\n<\/div>\n<\/div>\n","protected":false},"excerpt":{"rendered":"<p>Com o objetivo de incentivar a atividade de piscicultura e proporcionar uma alternativa saud\u00e1vel e diversificada para a alimenta\u00e7\u00e3o das fam\u00edlias rurais, a Prefeitura de&hellip; <\/p>\n","protected":false},"author":2,"featured_media":53794,"comment_status":"closed","ping_status":"closed","sticky":false,"template":"","format":"standard","meta":{"sfsi_plus_gutenberg_text_before_share":"","sfsi_plus_gutenberg_show_text_before_share":"","sfsi_plus_gutenberg_icon_type":"","sfsi_plus_gutenberg_icon_alignemt":"","sfsi_plus_gutenburg_max_per_row":"","footnotes":""},"categories":[6],"tags":[],"class_list":["post-53793","post","type-post","status-publish","format-standard","has-post-thumbnail","hentry","category-cidades"],"_links":{"self":[{"href":"https:\/\/www.caririemacao.com\/1\/wp-json\/wp\/v2\/posts\/53793","targetHints":{"allow":["GET"]}}],"collection":[{"href":"https:\/\/www.caririemacao.com\/1\/wp-json\/wp\/v2\/posts"}],"about":[{"href":"https:\/\/www.caririemacao.com\/1\/wp-json\/wp\/v2\/types\/post"}],"author":[{"embeddable":true,"href":"https:\/\/www.caririemacao.com\/1\/wp-json\/wp\/v2\/users\/2"}],"replies":[{"embeddable":true,"href":"https:\/\/www.caririemacao.com\/1\/wp-json\/wp\/v2\/comments?post=53793"}],"version-history":[{"count":0,"href":"https:\/\/www.caririemacao.com\/1\/wp-json\/wp\/v2\/posts\/53793\/revisions"}],"wp:featuredmedia":[{"embeddable":true,"href":"https:\/\/www.caririemacao.com\/1\/wp-json\/wp\/v2\/media\/53794"}],"wp:attachment":[{"href":"https:\/\/www.caririemacao.com\/1\/wp-json\/wp\/v2\/media?parent=53793"}],"wp:term":[{"taxonomy":"category","embeddable":true,"href":"https:\/\/www.caririemacao.com\/1\/wp-json\/wp\/v2\/categories?post=53793"},{"taxonomy":"post_tag","embeddable":true,"href":"https:\/\/www.caririemacao.com\/1\/wp-json\/wp\/v2\/tags?post=53793"}],"curies":[{"name":"wp","href":"https:\/\/api.w.org\/{rel}","templated":true}]}}