{"id":53799,"date":"2018-06-09T20:47:48","date_gmt":"2018-06-09T23:47:48","guid":{"rendered":"http:\/\/caririemacao.com\/1\/?p=53799"},"modified":"2018-06-09T20:47:48","modified_gmt":"2018-06-09T23:47:48","slug":"maia-propoe-pacto-pela-votacao-da-previdencia-apos-eleicoes","status":"publish","type":"post","link":"https:\/\/www.caririemacao.com\/1\/2018\/06\/09\/maia-propoe-pacto-pela-votacao-da-previdencia-apos-eleicoes\/","title":{"rendered":"Maia prop\u00f5e pacto pela vota\u00e7\u00e3o da Previd\u00eancia ap\u00f3s elei\u00e7\u00f5es"},"content":{"rendered":"<p>O presidente da C\u00e2mara, Rodrigo Maia (DEM-RJ), defendeu um pacto entre os candidatos \u00e0 Presid\u00eancia pela vota\u00e7\u00e3o da Reforma da Previd\u00eancia logo ap\u00f3s o t\u00e9rmino das elei\u00e7\u00f5es. Para Maia, esse compromisso seria uma importante sinaliza\u00e7\u00e3o para o mercado e ajudaria o Pa\u00eds a atravessar o atual momento de turbul\u00eancia.<\/p>\n<p>A proposta do parlamentar se assemelha ao que ocorreu nas elei\u00e7\u00f5es de 2002, quando os principais candidatos assumiram compromisso p\u00fablico com o chamado trip\u00e9 macroecon\u00f4mico: c\u00e2mbio flutuante, regime de metas para a infla\u00e7\u00e3o e responsabilidade fiscal. Entre os postulantes que se comprometeram estava o ent\u00e3o candidato Luiz In\u00e1cio Lula da Silva (PT), na &#8220;Carta ao Povo Brasileiro&#8221;.<\/p>\n<p>Maia acredita que h\u00e1 consenso entre os principais candidatos para votar dois pontos da reforma previdenci\u00e1ria: a unifica\u00e7\u00e3o dos regimes para servidores p\u00fablicos e trabalhadores da iniciativa privada e a fixa\u00e7\u00e3o de uma idade m\u00ednima para aposentadoria, com uma transi\u00e7\u00e3o menor do que a de 20 anos aprovada na comiss\u00e3o especial da C\u00e2mara. &#8220;Vejo do (deputado Jair) Bolsonaro (PSL) ao Ciro Gomes (PDT), o (Fernando) Haddad (PT) n\u00e3o sei, nesse campo todo, acho que h\u00e1 um consenso em rela\u00e7\u00e3o a esses dois temas&#8221;.<\/p>\n<p>Em maio, o presidente Michel Temer disse ao jornal\u00a0O Estado de S. Paulo\u00a0que pretende convidar seu sucessor para, juntos, tentarem aprovar a reforma ainda neste ano.<\/p>\n<p><strong>CARIRI EM A\u00c7\u00c3O<\/strong><\/p>\n<p>Com O Estado de S. Paulo\/Foto: Reprodu\u00e7\u00e3o Internet<\/p>\n<p>Leia mais not\u00edcias em\u00a0<a href=\"http:\/\/www.caririemacao.com\/\">caririemacao.com<\/a>, siga nossa p\u00e1gina no\u00a0<a href=\"https:\/\/www.facebook.com\/CaririEmAcao\/?ref=aymt_homepage_panel\">Facebook<\/a>,\u00a0<a href=\"https:\/\/www.instagram.com\/cariri_em_acao\/?hl=pt-br\">Instagram<\/a>\u00a0e\u00a0<a href=\"https:\/\/www.youtube.com\/channel\/UCAptA0jQuYQy8vMhLt2m4qg\">Youtube<\/a>\u00a0e veja nossas mat\u00e9rias, v\u00eddeos e fotos. Voc\u00ea tamb\u00e9m pode enviar informa\u00e7\u00f5es \u00e0 Reda\u00e7\u00e3o do Portal Cariri em A\u00e7\u00e3o pelo WhatsApp (83) 9 9634.5791, (83) 9 9601-1162.<\/p>\n","protected":false},"excerpt":{"rendered":"<p>O presidente da C\u00e2mara, Rodrigo Maia (DEM-RJ), defendeu um pacto entre os candidatos \u00e0 Presid\u00eancia pela vota\u00e7\u00e3o da Reforma da Previd\u00eancia logo ap\u00f3s o t\u00e9rmino&hellip; <\/p>\n","protected":false},"author":2,"featured_media":53800,"comment_status":"closed","ping_status":"closed","sticky":false,"template":"","format":"standard","meta":{"sfsi_plus_gutenberg_text_before_share":"","sfsi_plus_gutenberg_show_text_before_share":"","sfsi_plus_gutenberg_icon_type":"","sfsi_plus_gutenberg_icon_alignemt":"","sfsi_plus_gutenburg_max_per_row":"","footnotes":""},"categories":[11],"tags":[],"class_list":["post-53799","post","type-post","status-publish","format-standard","has-post-thumbnail","hentry","category-politica"],"_links":{"self":[{"href":"https:\/\/www.caririemacao.com\/1\/wp-json\/wp\/v2\/posts\/53799","targetHints":{"allow":["GET"]}}],"collection":[{"href":"https:\/\/www.caririemacao.com\/1\/wp-json\/wp\/v2\/posts"}],"about":[{"href":"https:\/\/www.caririemacao.com\/1\/wp-json\/wp\/v2\/types\/post"}],"author":[{"embeddable":true,"href":"https:\/\/www.caririemacao.com\/1\/wp-json\/wp\/v2\/users\/2"}],"replies":[{"embeddable":true,"href":"https:\/\/www.caririemacao.com\/1\/wp-json\/wp\/v2\/comments?post=53799"}],"version-history":[{"count":0,"href":"https:\/\/www.caririemacao.com\/1\/wp-json\/wp\/v2\/posts\/53799\/revisions"}],"wp:featuredmedia":[{"embeddable":true,"href":"https:\/\/www.caririemacao.com\/1\/wp-json\/wp\/v2\/media\/53800"}],"wp:attachment":[{"href":"https:\/\/www.caririemacao.com\/1\/wp-json\/wp\/v2\/media?parent=53799"}],"wp:term":[{"taxonomy":"category","embeddable":true,"href":"https:\/\/www.caririemacao.com\/1\/wp-json\/wp\/v2\/categories?post=53799"},{"taxonomy":"post_tag","embeddable":true,"href":"https:\/\/www.caririemacao.com\/1\/wp-json\/wp\/v2\/tags?post=53799"}],"curies":[{"name":"wp","href":"https:\/\/api.w.org\/{rel}","templated":true}]}}